{"id":11288,"date":"2016-12-02T12:03:30","date_gmt":"2016-12-02T11:03:30","guid":{"rendered":"https:\/\/www.deutschland-nederland.eu\/nl\/?p=11288"},"modified":"2023-04-18T15:46:54","modified_gmt":"2023-04-18T13:46:54","slug":"25-jaar-interreg-25-jaar-succesvolle-duits-nederlandse-projecten","status":"publish","type":"post","link":"https:\/\/interregv.deutschland-nederland.eu\/nl\/25-jaar-interreg-25-jaar-succesvolle-duits-nederlandse-projecten\/","title":{"rendered":"25 jaar INTERREG \u2013 25 jaar succesvolle Duits-Nederlandse projecten"},"content":{"rendered":"<p style=\"text-align: justify;\"><strong>NRW-Staatssecretaris Horzetzky: \u201eSamenwerking in de grensregio maakt de Europese Unie tastbaar\u201c<\/strong><\/p>\n<p style=\"text-align: justify;\"><strong>D\u00fcsseldorf.<\/strong> Duitsland en Nederland zijn al sinds jaren verbonden door een nauwe samenwerking. Juist in de grensregio werken bedrijven, overheden en kennisinstellingen aan nieuwe oplossingen en technologie\u00ebn en worden grensbarri\u00e8res en hindernissen weggenomen \u2013 of het nu gaat om arbeidsmarkt, spoedzorg of elektromobiliteit. Met INTERREG Deutschland-Nederland ondersteunt de Europese Unie sinds meer dan 25 jaar samenwerkingsprojecten tussen Nederland, Nordrhein-Westfalen en Niedersachsen.<\/p>\n<p style=\"text-align: justify;\">Dr. G\u00fcnther Horzetzky, staatssecretaris van economische zaken van Nordrhein-Westfalen: \u201eINTERREG is ons meest Europese subsidieprogramma. De grensoverschrijdende samenwerking maakt de Europese Unie tastbaar en concreet \u2013 niet alleen op economisch gebied maar ook in het dagelijks leven.\u201c<\/p>\n<p style=\"text-align: justify;\">In de periode van 2014 tot 2020 staat voor het INTERREG-programma een bedrag van 222 mln. euro aan EU-middelen ter beschikking. In de subsidieperiode 2007-2013 is meer dan 300 mln. euro ge\u00efnvesteerd in de grensregio. Het programma heeft daarmee 2200 middelgrote en kleine bedrijven bereikt en 1250 nieuwe banen gecre\u00eberd.<\/p>\n<p style=\"text-align: justify;\">Dr. Michiel Scheffer, gedeputeerde van de provincie Gelderland en voorzitter van het Comit\u00e9 van Toezicht van het INTERREG-programma, benadrukte dat grensoverschrijdende samenwerking constante aandacht nodig heeft: \u201eINTERREG laat zien dat Europa werkt in de grensregio. Meer &#8216;groene&#8217; groei, meer banen. Maar je moet er wel iets voor doen. Grensoverschrijdende samenwerking is een kwestie van lange adem. Maar vertrouwen en samenwerking worden uiteindelijk beloond\u201c, aldus Scheffer.<\/p>\n<p style=\"text-align: justify;\">Meer informatie over INTERREG Deutschland-Nederland vindt u onze website\u00a0<a href=\"http:\/\/www.deutschland-nederland.eu\">www.deutschland-nederland.eu<\/a>.<\/p>\n<p style=\"text-align: justify;\"><img decoding=\"async\" loading=\"lazy\" class=\"aligncenter wp-image-11309\" src=\"https:\/\/interregv.deutschland-nederland.eu\/wp-content\/uploads\/2016\/12\/21216RP14-1-1-300x224.jpg\" alt=\"NRW Staatssekret\u00e4r im Wirtschaftsministerium Dr.G\u00fcnther Horzetzky (r) und Dr. Michael Scheffer (l), Vorsitzender des INTERREG-Begleitausschusses, er\u00f6ffnen in D\u00fcsseldorf am Freitag, 2. Dezember 2016, die Interreg-Sitzung im Rathaus. Mit dem F\u00f6rderprogramm Interreg Deutschland-Niederlande unterst\u00fctzt die Europ\u00e4ische Union seit \u00fcber 25 Jahren Kooperationsprojekte zwischen den Niederlanden, NRW und Niedersachsen.\" width=\"389\" height=\"291\" srcset=\"https:\/\/interregv.deutschland-nederland.eu\/wp-content\/uploads\/2016\/12\/21216RP14-1-1-300x224.jpg 300w, https:\/\/interregv.deutschland-nederland.eu\/wp-content\/uploads\/2016\/12\/21216RP14-1-1-1024x766.jpg 1024w, https:\/\/interregv.deutschland-nederland.eu\/wp-content\/uploads\/2016\/12\/21216RP14-1-1-1536x1149.jpg 1536w, https:\/\/interregv.deutschland-nederland.eu\/wp-content\/uploads\/2016\/12\/21216RP14-1-1-2048x1531.jpg 2048w\" sizes=\"(max-width: 389px) 100vw, 389px\" \/><\/p>\n<p style=\"text-align: justify;\">Foto&#8217;s: Roberto Pfeil<\/p>\n<p>&nbsp;<\/p>\n","protected":false},"excerpt":{"rendered":"<p>NRW-Staatssecretaris Horzetzky: \u201eSamenwerking in de grensregio maakt de Europese Unie tastbaar\u201c D\u00fcsseldorf. Duitsland en Nederland zijn al sinds jaren verbonden door een nauwe samenwerking. Juist in de grensregio werken bedrijven, overheden en kennisinstellingen aan nieuwe oplossingen en technologie\u00ebn en worden grensbarri\u00e8res en hindernissen weggenomen \u2013 of het nu gaat om arbeidsmarkt, spoedzorg of elektromobiliteit. Met <a href=\"https:\/\/interregv.deutschland-nederland.eu\/nl\/25-jaar-interreg-25-jaar-succesvolle-duits-nederlandse-projecten\/\" class=\"more-link\">&#8230;<\/a><\/p>\n","protected":false},"author":2,"featured_media":11298,"comment_status":"closed","ping_status":"closed","sticky":false,"template":"","format":"standard","meta":[],"categories":[8],"tags":[],"acf":[],"yoast_head":"<!-- This site is optimized with the Yoast SEO plugin v20.10 - https:\/\/yoast.com\/wordpress\/plugins\/seo\/ -->\n<title>25 jaar INTERREG \u2013 25 jaar succesvolle Duits-Nederlandse projecten - INTERREG<\/title>\n<meta name=\"robots\" content=\"index, follow, max-snippet:-1, max-image-preview:large, max-video-preview:-1\" \/>\n<link rel=\"canonical\" href=\"https:\/\/interregv.deutschland-nederland.eu\/nl\/25-jaar-interreg-25-jaar-succesvolle-duits-nederlandse-projecten\/\" \/>\n<meta property=\"og:locale\" content=\"nl_NL\" \/>\n<meta property=\"og:type\" content=\"article\" \/>\n<meta property=\"og:title\" content=\"25 jaar INTERREG \u2013 25 jaar succesvolle Duits-Nederlandse projecten - INTERREG\" \/>\n<meta property=\"og:description\" content=\"NRW-Staatssecretaris Horzetzky: \u201eSamenwerking in de grensregio maakt de Europese Unie tastbaar\u201c D\u00fcsseldorf. Duitsland en Nederland zijn al sinds jaren verbonden door een nauwe samenwerking. Juist in de grensregio werken bedrijven, overheden en kennisinstellingen aan nieuwe oplossingen en technologie\u00ebn en worden grensbarri\u00e8res en hindernissen weggenomen \u2013 of het nu gaat om arbeidsmarkt, spoedzorg of elektromobiliteit. Met ...\" \/>\n<meta property=\"og:url\" content=\"https:\/\/interregv.deutschland-nederland.eu\/nl\/25-jaar-interreg-25-jaar-succesvolle-duits-nederlandse-projecten\/\" \/>\n<meta property=\"og:site_name\" content=\"INTERREG\" \/>\n<meta property=\"article:published_time\" content=\"2016-12-02T11:03:30+00:00\" \/>\n<meta property=\"article:modified_time\" content=\"2023-04-18T13:46:54+00:00\" \/>\n<meta property=\"og:image\" content=\"https:\/\/interregv.deutschland-nederland.eu\/wp-content\/uploads\/2016\/12\/21216RP3-1-scaled.jpg\" \/>\n\t<meta property=\"og:image:width\" content=\"2560\" \/>\n\t<meta property=\"og:image:height\" content=\"1719\" \/>\n\t<meta property=\"og:image:type\" content=\"image\/jpeg\" \/>\n<meta name=\"author\" content=\"interreg\" \/>\n<meta name=\"twitter:card\" content=\"summary_large_image\" \/>\n<meta name=\"twitter:label1\" content=\"Geschreven door\" \/>\n\t<meta name=\"twitter:data1\" content=\"interreg\" \/>\n\t<meta name=\"twitter:label2\" content=\"Geschatte leestijd\" \/>\n\t<meta name=\"twitter:data2\" content=\"1 minuut\" \/>\n<script type=\"application\/ld+json\" class=\"yoast-schema-graph\">{\"@context\":\"https:\/\/schema.org\",\"@graph\":[{\"@type\":\"WebPage\",\"@id\":\"https:\/\/interregv.deutschland-nederland.eu\/nl\/25-jaar-interreg-25-jaar-succesvolle-duits-nederlandse-projecten\/\",\"url\":\"https:\/\/interregv.deutschland-nederland.eu\/nl\/25-jaar-interreg-25-jaar-succesvolle-duits-nederlandse-projecten\/\",\"name\":\"25 jaar INTERREG \u2013 25 jaar succesvolle Duits-Nederlandse projecten - INTERREG\",\"isPartOf\":{\"@id\":\"https:\/\/interregv.deutschland-nederland.eu\/nl\/#website\"},\"datePublished\":\"2016-12-02T11:03:30+00:00\",\"dateModified\":\"2023-04-18T13:46:54+00:00\",\"author\":{\"@id\":\"https:\/\/interregv.deutschland-nederland.eu\/nl\/#\/schema\/person\/4ddecac20d338f3ecc22c688b7a80498\"},\"breadcrumb\":{\"@id\":\"https:\/\/interregv.deutschland-nederland.eu\/nl\/25-jaar-interreg-25-jaar-succesvolle-duits-nederlandse-projecten\/#breadcrumb\"},\"inLanguage\":\"nl-NL\",\"potentialAction\":[{\"@type\":\"ReadAction\",\"target\":[\"https:\/\/interregv.deutschland-nederland.eu\/nl\/25-jaar-interreg-25-jaar-succesvolle-duits-nederlandse-projecten\/\"]}]},{\"@type\":\"BreadcrumbList\",\"@id\":\"https:\/\/interregv.deutschland-nederland.eu\/nl\/25-jaar-interreg-25-jaar-succesvolle-duits-nederlandse-projecten\/#breadcrumb\",\"itemListElement\":[{\"@type\":\"ListItem\",\"position\":1,\"name\":\"Home\",\"item\":\"https:\/\/interregv.deutschland-nederland.eu\/nl\/\"},{\"@type\":\"ListItem\",\"position\":2,\"name\":\"25 jaar INTERREG \u2013 25 jaar succesvolle Duits-Nederlandse projecten\"}]},{\"@type\":\"WebSite\",\"@id\":\"https:\/\/interregv.deutschland-nederland.eu\/nl\/#website\",\"url\":\"https:\/\/interregv.deutschland-nederland.eu\/nl\/\",\"name\":\"INTERREG\",\"description\":\"Deutschland-Nederland\",\"potentialAction\":[{\"@type\":\"SearchAction\",\"target\":{\"@type\":\"EntryPoint\",\"urlTemplate\":\"https:\/\/interregv.deutschland-nederland.eu\/nl\/?s={search_term_string}\"},\"query-input\":\"required name=search_term_string\"}],\"inLanguage\":\"nl-NL\"},{\"@type\":\"Person\",\"@id\":\"https:\/\/interregv.deutschland-nederland.eu\/nl\/#\/schema\/person\/4ddecac20d338f3ecc22c688b7a80498\",\"name\":\"interreg\",\"image\":{\"@type\":\"ImageObject\",\"inLanguage\":\"nl-NL\",\"@id\":\"https:\/\/interregv.deutschland-nederland.eu\/nl\/#\/schema\/person\/image\/\",\"url\":\"https:\/\/secure.gravatar.com\/avatar\/4c0aa29da85718a330f84e10d55edc18?s=96&d=mm&r=g\",\"contentUrl\":\"https:\/\/secure.gravatar.com\/avatar\/4c0aa29da85718a330f84e10d55edc18?s=96&d=mm&r=g\",\"caption\":\"interreg\"},\"url\":\"https:\/\/interregv.deutschland-nederland.eu\/nl\/author\/interreg\/\"}]}<\/script>\n<!-- \/ Yoast SEO plugin. -->","yoast_head_json":{"title":"25 jaar INTERREG \u2013 25 jaar succesvolle Duits-Nederlandse projecten - INTERREG","robots":{"index":"index","follow":"follow","max-snippet":"max-snippet:-1","max-image-preview":"max-image-preview:large","max-video-preview":"max-video-preview:-1"},"canonical":"https:\/\/interregv.deutschland-nederland.eu\/nl\/25-jaar-interreg-25-jaar-succesvolle-duits-nederlandse-projecten\/","og_locale":"nl_NL","og_type":"article","og_title":"25 jaar INTERREG \u2013 25 jaar succesvolle Duits-Nederlandse projecten - INTERREG","og_description":"NRW-Staatssecretaris Horzetzky: \u201eSamenwerking in de grensregio maakt de Europese Unie tastbaar\u201c D\u00fcsseldorf. Duitsland en Nederland zijn al sinds jaren verbonden door een nauwe samenwerking. Juist in de grensregio werken bedrijven, overheden en kennisinstellingen aan nieuwe oplossingen en technologie\u00ebn en worden grensbarri\u00e8res en hindernissen weggenomen \u2013 of het nu gaat om arbeidsmarkt, spoedzorg of elektromobiliteit. Met ...","og_url":"https:\/\/interregv.deutschland-nederland.eu\/nl\/25-jaar-interreg-25-jaar-succesvolle-duits-nederlandse-projecten\/","og_site_name":"INTERREG","article_published_time":"2016-12-02T11:03:30+00:00","article_modified_time":"2023-04-18T13:46:54+00:00","og_image":[{"width":2560,"height":1719,"url":"https:\/\/interregv.deutschland-nederland.eu\/wp-content\/uploads\/2016\/12\/21216RP3-1-scaled.jpg","type":"image\/jpeg"}],"author":"interreg","twitter_card":"summary_large_image","twitter_misc":{"Geschreven door":"interreg","Geschatte leestijd":"1 minuut"},"schema":{"@context":"https:\/\/schema.org","@graph":[{"@type":"WebPage","@id":"https:\/\/interregv.deutschland-nederland.eu\/nl\/25-jaar-interreg-25-jaar-succesvolle-duits-nederlandse-projecten\/","url":"https:\/\/interregv.deutschland-nederland.eu\/nl\/25-jaar-interreg-25-jaar-succesvolle-duits-nederlandse-projecten\/","name":"25 jaar INTERREG \u2013 25 jaar succesvolle Duits-Nederlandse projecten - INTERREG","isPartOf":{"@id":"https:\/\/interregv.deutschland-nederland.eu\/nl\/#website"},"datePublished":"2016-12-02T11:03:30+00:00","dateModified":"2023-04-18T13:46:54+00:00","author":{"@id":"https:\/\/interregv.deutschland-nederland.eu\/nl\/#\/schema\/person\/4ddecac20d338f3ecc22c688b7a80498"},"breadcrumb":{"@id":"https:\/\/interregv.deutschland-nederland.eu\/nl\/25-jaar-interreg-25-jaar-succesvolle-duits-nederlandse-projecten\/#breadcrumb"},"inLanguage":"nl-NL","potentialAction":[{"@type":"ReadAction","target":["https:\/\/interregv.deutschland-nederland.eu\/nl\/25-jaar-interreg-25-jaar-succesvolle-duits-nederlandse-projecten\/"]}]},{"@type":"BreadcrumbList","@id":"https:\/\/interregv.deutschland-nederland.eu\/nl\/25-jaar-interreg-25-jaar-succesvolle-duits-nederlandse-projecten\/#breadcrumb","itemListElement":[{"@type":"ListItem","position":1,"name":"Home","item":"https:\/\/interregv.deutschland-nederland.eu\/nl\/"},{"@type":"ListItem","position":2,"name":"25 jaar INTERREG \u2013 25 jaar succesvolle Duits-Nederlandse projecten"}]},{"@type":"WebSite","@id":"https:\/\/interregv.deutschland-nederland.eu\/nl\/#website","url":"https:\/\/interregv.deutschland-nederland.eu\/nl\/","name":"INTERREG","description":"Deutschland-Nederland","potentialAction":[{"@type":"SearchAction","target":{"@type":"EntryPoint","urlTemplate":"https:\/\/interregv.deutschland-nederland.eu\/nl\/?s={search_term_string}"},"query-input":"required name=search_term_string"}],"inLanguage":"nl-NL"},{"@type":"Person","@id":"https:\/\/interregv.deutschland-nederland.eu\/nl\/#\/schema\/person\/4ddecac20d338f3ecc22c688b7a80498","name":"interreg","image":{"@type":"ImageObject","inLanguage":"nl-NL","@id":"https:\/\/interregv.deutschland-nederland.eu\/nl\/#\/schema\/person\/image\/","url":"https:\/\/secure.gravatar.com\/avatar\/4c0aa29da85718a330f84e10d55edc18?s=96&d=mm&r=g","contentUrl":"https:\/\/secure.gravatar.com\/avatar\/4c0aa29da85718a330f84e10d55edc18?s=96&d=mm&r=g","caption":"interreg"},"url":"https:\/\/interregv.deutschland-nederland.eu\/nl\/author\/interreg\/"}]}},"_links":{"self":[{"href":"https:\/\/interregv.deutschland-nederland.eu\/nl\/wp-json\/wp\/v2\/posts\/11288"}],"collection":[{"href":"https:\/\/interregv.deutschland-nederland.eu\/nl\/wp-json\/wp\/v2\/posts"}],"about":[{"href":"https:\/\/interregv.deutschland-nederland.eu\/nl\/wp-json\/wp\/v2\/types\/post"}],"author":[{"embeddable":true,"href":"https:\/\/interregv.deutschland-nederland.eu\/nl\/wp-json\/wp\/v2\/users\/2"}],"replies":[{"embeddable":true,"href":"https:\/\/interregv.deutschland-nederland.eu\/nl\/wp-json\/wp\/v2\/comments?post=11288"}],"version-history":[{"count":1,"href":"https:\/\/interregv.deutschland-nederland.eu\/nl\/wp-json\/wp\/v2\/posts\/11288\/revisions"}],"predecessor-version":[{"id":29445,"href":"https:\/\/interregv.deutschland-nederland.eu\/nl\/wp-json\/wp\/v2\/posts\/11288\/revisions\/29445"}],"wp:featuredmedia":[{"embeddable":true,"href":"https:\/\/interregv.deutschland-nederland.eu\/nl\/wp-json\/wp\/v2\/media\/11298"}],"wp:attachment":[{"href":"https:\/\/interregv.deutschland-nederland.eu\/nl\/wp-json\/wp\/v2\/media?parent=11288"}],"wp:term":[{"taxonomy":"category","embeddable":true,"href":"https:\/\/interregv.deutschland-nederland.eu\/nl\/wp-json\/wp\/v2\/categories?post=11288"},{"taxonomy":"post_tag","embeddable":true,"href":"https:\/\/interregv.deutschland-nederland.eu\/nl\/wp-json\/wp\/v2\/tags?post=11288"}],"curies":[{"name":"wp","href":"https:\/\/api.w.org\/{rel}","templated":true}]}}