{"id":14143,"date":"2017-11-17T13:07:04","date_gmt":"2017-11-17T12:07:04","guid":{"rendered":"https:\/\/www.deutschland-nederland.eu\/?p=14143"},"modified":"2023-04-18T15:44:53","modified_gmt":"2023-04-18T13:44:53","slug":"drei-junge-verkaufstalente-aus-deutschland-und-den-niederlanden-3","status":"publish","type":"post","link":"https:\/\/interregv.deutschland-nederland.eu\/nl\/drei-junge-verkaufstalente-aus-deutschland-und-den-niederlanden-3\/","title":{"rendered":"Drie jonge verkooptalenten uit Duitsland en Nederland"},"content":{"rendered":"<p>&nbsp;<\/p>\n<p><strong>De finale van de Euregionale Verkoper van het Jaar op 16-11-2017 in de Stadthalle Kleve<\/strong><\/p>\n<p><em>Tien studenten detailhandel van Nederlandse ROC\u2019s en Duitse Berufskollegs streden op 16 november 2017 in de Stadthalle Kleve om de felbegeerde titel \u201cBeste Euregionale Verkoper van het Jaar\u201d. Georganiseerd en mede gefinancierd werd de inmiddels voor de vijfde keer plaatsvindende grensoverschrijdende wedstrijd door het INTERREG-project \u201cLer(n)ende Euregio\u201d dat dit jaar ook zijn 20-jarig jubileum viert. En er zijn drie gelukkige winnaars!<\/em><\/p>\n<p>Na de halve finale op 5 en 6 oktober 2017 in Kalkar vond gisteren de finale van de jaarlijkse verkoopwedstrijd in de Stadthalle Kleve plaats. In totaal hebben zich maar liefst tien Duitse en Nederlandse studenten gekwalificeerd voor de finale en simuleerden zij verkoopgesprekken voor een groot publiek om product- en talenkennis alsmede sociale vaardigheden en klantenadvies in de omgang met klanten uit het buurland te laten zien.<\/p>\n<p>Er zijn in totaal drie winnaars gekozen: een vakjury bestaande uit wetenschap en onderwijs, waaronder o.a. ook vakexperts van de supermarktketens Albert Heijn in Nederland alsmede Rewe en Edeka in Duitsland, koos telkens \u00e9\u00e9n Nederlandse en \u00e9\u00e9n Duitse winnaar. Het publiek stemde op zijn eigen favoriete kandidaat. De gelukkige winnaars dit jaar zijn Sterre Steenvoorden (Aventus) aan Nederlandse kant en Jacqueline Allzeit (BK Duisburg Mitte) aan Duitse kant. De publieksprijs werd verleend aan Niels van de Hee (ROC Nijmegen).<\/p>\n<p>Voor de vijfde keer verleent de Euregio nu deze prijs. Doel van het programma \u201cVerkoper van het Jaar\u201d is de nog betere voorbereiding van de geslaagden op de grensoverschrijdende arbeidsmarkt en de revitalisering daarvan. Duitse en Nederlandse beroepsscholen nomineren hiervoor hun meest geschikte studenten in verschillende selectierondes. Na een tweedaagse sales training in Kalkar selecteert een Duits-Nederlandse jury de tien beste kandidaten.<\/p>\n<p><img decoding=\"async\" loading=\"lazy\" class=\"wp-image-14148 alignright\" src=\"https:\/\/interregv.deutschland-nederland.eu\/wp-content\/uploads\/2017\/11\/P1070167-1024x683.jpg\" alt=\"\" width=\"350\" height=\"233\" srcset=\"https:\/\/interregv.deutschland-nederland.eu\/wp-content\/uploads\/2017\/11\/P1070167-1024x683.jpg 1024w, https:\/\/interregv.deutschland-nederland.eu\/wp-content\/uploads\/2017\/11\/P1070167-300x200.jpg 300w, https:\/\/interregv.deutschland-nederland.eu\/wp-content\/uploads\/2017\/11\/P1070167-1536x1024.jpg 1536w, https:\/\/interregv.deutschland-nederland.eu\/wp-content\/uploads\/2017\/11\/P1070167-2048x1365.jpg 2048w\" sizes=\"(max-width: 350px) 100vw, 350px\" \/><\/p>\n<p>&nbsp;<\/p>\n<p>&nbsp;<\/p>\n<p><img decoding=\"async\" loading=\"lazy\" class=\"wp-image-14147 alignnone\" src=\"https:\/\/interregv.deutschland-nederland.eu\/wp-content\/uploads\/2017\/11\/P1070138-1024x683.jpg\" alt=\"\" width=\"337\" height=\"224\" srcset=\"https:\/\/interregv.deutschland-nederland.eu\/wp-content\/uploads\/2017\/11\/P1070138-1024x683.jpg 1024w, https:\/\/interregv.deutschland-nederland.eu\/wp-content\/uploads\/2017\/11\/P1070138-300x200.jpg 300w, https:\/\/interregv.deutschland-nederland.eu\/wp-content\/uploads\/2017\/11\/P1070138-1536x1024.jpg 1536w, https:\/\/interregv.deutschland-nederland.eu\/wp-content\/uploads\/2017\/11\/P1070138-2048x1365.jpg 2048w\" sizes=\"(max-width: 337px) 100vw, 337px\" \/><\/p>\n<p>&nbsp;<\/p>\n<p><img decoding=\"async\" loading=\"lazy\" class=\"wp-image-14149 aligncenter\" src=\"https:\/\/interregv.deutschland-nederland.eu\/wp-content\/uploads\/2017\/11\/P1070170-1024x683.jpg\" alt=\"\" width=\"410\" height=\"273\" srcset=\"https:\/\/interregv.deutschland-nederland.eu\/wp-content\/uploads\/2017\/11\/P1070170-1024x683.jpg 1024w, https:\/\/interregv.deutschland-nederland.eu\/wp-content\/uploads\/2017\/11\/P1070170-300x200.jpg 300w, https:\/\/interregv.deutschland-nederland.eu\/wp-content\/uploads\/2017\/11\/P1070170-1536x1024.jpg 1536w, https:\/\/interregv.deutschland-nederland.eu\/wp-content\/uploads\/2017\/11\/P1070170-2048x1365.jpg 2048w\" sizes=\"(max-width: 410px) 100vw, 410px\" \/><\/p>\n<p>&nbsp;<\/p>\n<p>&nbsp;<\/p>\n<p><img decoding=\"async\" loading=\"lazy\" class=\"wp-image-14151 alignleft\" src=\"https:\/\/interregv.deutschland-nederland.eu\/wp-content\/uploads\/2017\/11\/P1070184-1024x683.jpg\" alt=\"\" width=\"450\" height=\"300\" srcset=\"https:\/\/interregv.deutschland-nederland.eu\/wp-content\/uploads\/2017\/11\/P1070184-1024x683.jpg 1024w, https:\/\/interregv.deutschland-nederland.eu\/wp-content\/uploads\/2017\/11\/P1070184-300x200.jpg 300w, https:\/\/interregv.deutschland-nederland.eu\/wp-content\/uploads\/2017\/11\/P1070184-1536x1024.jpg 1536w, https:\/\/interregv.deutschland-nederland.eu\/wp-content\/uploads\/2017\/11\/P1070184-2048x1366.jpg 2048w\" sizes=\"(max-width: 450px) 100vw, 450px\" \/><\/p>\n<p>&nbsp;<\/p>\n<p>&nbsp;<\/p>\n<p><img decoding=\"async\" loading=\"lazy\" class=\"wp-image-14150 alignright\" src=\"https:\/\/interregv.deutschland-nederland.eu\/wp-content\/uploads\/2017\/11\/P1070176-1024x1001.jpg\" alt=\"\" width=\"310\" height=\"303\" srcset=\"https:\/\/interregv.deutschland-nederland.eu\/wp-content\/uploads\/2017\/11\/P1070176-1024x1001.jpg 1024w, https:\/\/interregv.deutschland-nederland.eu\/wp-content\/uploads\/2017\/11\/P1070176-300x293.jpg 300w, https:\/\/interregv.deutschland-nederland.eu\/wp-content\/uploads\/2017\/11\/P1070176-1536x1501.jpg 1536w, https:\/\/interregv.deutschland-nederland.eu\/wp-content\/uploads\/2017\/11\/P1070176-2048x2001.jpg 2048w\" sizes=\"(max-width: 310px) 100vw, 310px\" \/><\/p>\n<p>&nbsp;<\/p>\n<p>&nbsp;<\/p>\n<p>&nbsp;<\/p>\n<p>&nbsp;<\/p>\n<p>&nbsp;<\/p>\n<p>&nbsp;<\/p>\n<p>&nbsp;<\/p>\n<p>&nbsp;<\/p>\n<p>&nbsp;<\/p>\n<p>&nbsp;<\/p>\n<p><img decoding=\"async\" loading=\"lazy\" class=\"wp-image-14153 alignright\" src=\"https:\/\/interregv.deutschland-nederland.eu\/wp-content\/uploads\/2017\/11\/P1070191-1024x683.jpg\" alt=\"\" width=\"420\" height=\"280\" srcset=\"https:\/\/interregv.deutschland-nederland.eu\/wp-content\/uploads\/2017\/11\/P1070191-1024x683.jpg 1024w, https:\/\/interregv.deutschland-nederland.eu\/wp-content\/uploads\/2017\/11\/P1070191-300x200.jpg 300w, https:\/\/interregv.deutschland-nederland.eu\/wp-content\/uploads\/2017\/11\/P1070191-1536x1024.jpg 1536w, https:\/\/interregv.deutschland-nederland.eu\/wp-content\/uploads\/2017\/11\/P1070191-2048x1365.jpg 2048w\" sizes=\"(max-width: 420px) 100vw, 420px\" \/><\/p>\n<p>&nbsp;<\/p>\n<p>&nbsp;<\/p>\n<p>&nbsp;<\/p>\n<p>&nbsp;<\/p>\n<p>&nbsp;<\/p>\n<p>&nbsp;<\/p>\n<p><img decoding=\"async\" loading=\"lazy\" class=\"wp-image-14152 alignleft\" src=\"https:\/\/interregv.deutschland-nederland.eu\/wp-content\/uploads\/2017\/11\/P1070187-1024x683.jpg\" alt=\"\" width=\"422\" height=\"282\" srcset=\"https:\/\/interregv.deutschland-nederland.eu\/wp-content\/uploads\/2017\/11\/P1070187-1024x683.jpg 1024w, https:\/\/interregv.deutschland-nederland.eu\/wp-content\/uploads\/2017\/11\/P1070187-300x200.jpg 300w, https:\/\/interregv.deutschland-nederland.eu\/wp-content\/uploads\/2017\/11\/P1070187-1536x1024.jpg 1536w, https:\/\/interregv.deutschland-nederland.eu\/wp-content\/uploads\/2017\/11\/P1070187-2048x1366.jpg 2048w\" sizes=\"(max-width: 422px) 100vw, 422px\" \/><\/p>\n<h5 style=\"text-align: right;\">\u00a0\u00a0\u00a0\u00a0\u00a0\u00a0\u00a0\u00a0\u00a0\u00a0\u00a0\u00a0\u00a0\u00a0\u00a0\u00a0\u00a0\u00a0\u00a0\u00a0\u00a0\u00a0\u00a0\u00a0\u00a0\u00a0\u00a0\u00a0\u00a0\u00a0\u00a0\u00a0\u00a0\u00a0\u00a0\u00a0\u00a0\u00a0\u00a0\u00a0\u00a0\u00a0\u00a0\u00a0\u00a0\u00a0\u00a0\u00a0\u00a0\u00a0\u00a0\u00a0\u00a0\u00a0\u00a0\u00a0\u00a0\u00a0\u00a0\u00a0\u00a0\u00a0\u00a0\u00a0\u00a0\u00a0\u00a0\u00a0\u00a0\u00a0\u00a0\u00a0\u00a0\u00a0\u00a0\u00a0\u00a0\u00a0\u00a0\u00a0\u00a0\u00a0\u00a0\u00a0\u00a0\u00a0\u00a0\u00a0\u00a0\u00a0\u00a0\u00a0\u00a0\u00a0\u00a0\u00a0\u00a0\u00a0\u00a0\u00a0\u00a0\u00a0\u00a0\u00a0\u00a0\u00a0\u00a0\u00a0\u00a0\u00a0\u00a0\u00a0\u00a0\u00a0\u00a0\u00a0\u00a0\u00a0\u00a0\u00a0\u00a0\u00a0\u00a0\u00a0\u00a0\u00a0\u00a0\u00a0\u00a0\u00a0\u00a0\u00a0\u00a0\u00a0\u00a0\u00a0\u00a0\u00a0\u00a0\u00a0\u00a0\u00a0\u00a0\u00a0\u00a0 Niels van de Hee, winnaar van de publieksprijs<\/h5>\n<p>&nbsp;<\/p>\n<p>&nbsp;<\/p>\n<p>&nbsp;<\/p>\n<p>&nbsp;<\/p>\n<h5><\/h5>\n<h5><\/h5>\n<h5><\/h5>\n<p>&nbsp;<\/p>\n<p>&nbsp;<\/p>\n<h5 style=\"text-align: left;\">Jacqueline Allzeit, de Duitse winnaar<\/h5>\n<p>&nbsp;<\/p>\n<p>&nbsp;<\/p>\n<p>&nbsp;<\/p>\n<p><img decoding=\"async\" loading=\"lazy\" class=\"wp-image-14154 alignright\" src=\"https:\/\/interregv.deutschland-nederland.eu\/wp-content\/uploads\/2017\/11\/P107022152-1024x906.jpg\" alt=\"\" width=\"423\" height=\"374\" srcset=\"https:\/\/interregv.deutschland-nederland.eu\/wp-content\/uploads\/2017\/11\/P107022152-1024x906.jpg 1024w, https:\/\/interregv.deutschland-nederland.eu\/wp-content\/uploads\/2017\/11\/P107022152-300x265.jpg 300w, https:\/\/interregv.deutschland-nederland.eu\/wp-content\/uploads\/2017\/11\/P107022152-1536x1359.jpg 1536w, https:\/\/interregv.deutschland-nederland.eu\/wp-content\/uploads\/2017\/11\/P107022152-2048x1812.jpg 2048w\" sizes=\"(max-width: 423px) 100vw, 423px\" \/><\/p>\n<p>&nbsp;<\/p>\n<p>&nbsp;<\/p>\n<p>&nbsp;<\/p>\n<p>&nbsp;<\/p>\n<p>&nbsp;<\/p>\n<p>&nbsp;<\/p>\n<p>&nbsp;<\/p>\n<p>&nbsp;<\/p>\n<p>&nbsp;<\/p>\n<h5><\/h5>\n<h5><\/h5>\n<h5 style=\"text-align: right;\">Sterre Steenvoorden, de Nederlandse winnaar (derde van links)<\/h5>\n<h4><\/h4>\n<p>&nbsp;<\/p>\n<p>&nbsp;<\/p>\n<p>Voor verdere informatie:<\/p>\n<p><a href=\"http:\/\/lerende-euregio.com\/nl\/nieuws\/archief\/2017\/-nov17\/winnaars-verkoopwedstrijd-2017\">http:\/\/lerende-euregio.com\/nl\/nieuws\/archief\/2017\/-nov17\/winnaars-verkoopwedstrijd-2017<\/a><\/p>\n<p>&nbsp;<\/p>\n","protected":false},"excerpt":{"rendered":"<p>&nbsp; De finale van de Euregionale Verkoper van het Jaar op 16-11-2017 in de Stadthalle Kleve Tien studenten detailhandel van Nederlandse ROC\u2019s en Duitse Berufskollegs streden op 16 november 2017 in de Stadthalle Kleve om de felbegeerde titel \u201cBeste Euregionale Verkoper van het Jaar\u201d. Georganiseerd en mede gefinancierd werd de inmiddels voor de vijfde keer <a href=\"https:\/\/interregv.deutschland-nederland.eu\/nl\/drei-junge-verkaufstalente-aus-deutschland-und-den-niederlanden-3\/\" class=\"more-link\">&#8230;<\/a><\/p>\n","protected":false},"author":2,"featured_media":14125,"comment_status":"closed","ping_status":"closed","sticky":false,"template":"","format":"standard","meta":[],"categories":[],"tags":[],"acf":[],"yoast_head":"<!-- This site is optimized with the Yoast SEO plugin v20.10 - https:\/\/yoast.com\/wordpress\/plugins\/seo\/ -->\n<title>Drie jonge verkooptalenten uit Duitsland en Nederland - INTERREG<\/title>\n<meta name=\"robots\" content=\"index, follow, max-snippet:-1, max-image-preview:large, max-video-preview:-1\" \/>\n<link rel=\"canonical\" href=\"https:\/\/interregv.deutschland-nederland.eu\/nl\/drei-junge-verkaufstalente-aus-deutschland-und-den-niederlanden-3\/\" \/>\n<meta property=\"og:locale\" content=\"nl_NL\" \/>\n<meta property=\"og:type\" content=\"article\" \/>\n<meta property=\"og:title\" content=\"Drie jonge verkooptalenten uit Duitsland en Nederland - INTERREG\" \/>\n<meta property=\"og:description\" content=\"&nbsp; De finale van de Euregionale Verkoper van het Jaar op 16-11-2017 in de Stadthalle Kleve Tien studenten detailhandel van Nederlandse ROC\u2019s en Duitse Berufskollegs streden op 16 november 2017 in de Stadthalle Kleve om de felbegeerde titel \u201cBeste Euregionale Verkoper van het Jaar\u201d. Georganiseerd en mede gefinancierd werd de inmiddels voor de vijfde keer ...\" \/>\n<meta property=\"og:url\" content=\"https:\/\/interregv.deutschland-nederland.eu\/nl\/drei-junge-verkaufstalente-aus-deutschland-und-den-niederlanden-3\/\" \/>\n<meta property=\"og:site_name\" content=\"INTERREG\" \/>\n<meta property=\"article:published_time\" content=\"2017-11-17T12:07:04+00:00\" \/>\n<meta property=\"article:modified_time\" content=\"2023-04-18T13:44:53+00:00\" \/>\n<meta property=\"og:image\" content=\"https:\/\/interregv.deutschland-nederland.eu\/wp-content\/uploads\/2017\/11\/P1070153-scaled.jpg\" \/>\n\t<meta property=\"og:image:width\" content=\"2560\" \/>\n\t<meta property=\"og:image:height\" content=\"1707\" \/>\n\t<meta property=\"og:image:type\" content=\"image\/jpeg\" \/>\n<meta name=\"author\" content=\"interreg\" \/>\n<meta name=\"twitter:card\" content=\"summary_large_image\" \/>\n<meta name=\"twitter:label1\" content=\"Geschreven door\" \/>\n\t<meta name=\"twitter:data1\" content=\"interreg\" \/>\n\t<meta name=\"twitter:label2\" content=\"Geschatte leestijd\" \/>\n\t<meta name=\"twitter:data2\" content=\"2 minuten\" \/>\n<script type=\"application\/ld+json\" class=\"yoast-schema-graph\">{\"@context\":\"https:\/\/schema.org\",\"@graph\":[{\"@type\":\"WebPage\",\"@id\":\"https:\/\/interregv.deutschland-nederland.eu\/nl\/drei-junge-verkaufstalente-aus-deutschland-und-den-niederlanden-3\/\",\"url\":\"https:\/\/interregv.deutschland-nederland.eu\/nl\/drei-junge-verkaufstalente-aus-deutschland-und-den-niederlanden-3\/\",\"name\":\"Drie jonge verkooptalenten uit Duitsland en Nederland - INTERREG\",\"isPartOf\":{\"@id\":\"https:\/\/interregv.deutschland-nederland.eu\/nl\/#website\"},\"datePublished\":\"2017-11-17T12:07:04+00:00\",\"dateModified\":\"2023-04-18T13:44:53+00:00\",\"author\":{\"@id\":\"https:\/\/interregv.deutschland-nederland.eu\/nl\/#\/schema\/person\/4ddecac20d338f3ecc22c688b7a80498\"},\"breadcrumb\":{\"@id\":\"https:\/\/interregv.deutschland-nederland.eu\/nl\/drei-junge-verkaufstalente-aus-deutschland-und-den-niederlanden-3\/#breadcrumb\"},\"inLanguage\":\"nl-NL\",\"potentialAction\":[{\"@type\":\"ReadAction\",\"target\":[\"https:\/\/interregv.deutschland-nederland.eu\/nl\/drei-junge-verkaufstalente-aus-deutschland-und-den-niederlanden-3\/\"]}]},{\"@type\":\"BreadcrumbList\",\"@id\":\"https:\/\/interregv.deutschland-nederland.eu\/nl\/drei-junge-verkaufstalente-aus-deutschland-und-den-niederlanden-3\/#breadcrumb\",\"itemListElement\":[{\"@type\":\"ListItem\",\"position\":1,\"name\":\"Home\",\"item\":\"https:\/\/interregv.deutschland-nederland.eu\/nl\/\"},{\"@type\":\"ListItem\",\"position\":2,\"name\":\"Drie jonge verkooptalenten uit Duitsland en Nederland\"}]},{\"@type\":\"WebSite\",\"@id\":\"https:\/\/interregv.deutschland-nederland.eu\/nl\/#website\",\"url\":\"https:\/\/interregv.deutschland-nederland.eu\/nl\/\",\"name\":\"INTERREG\",\"description\":\"Deutschland-Nederland\",\"potentialAction\":[{\"@type\":\"SearchAction\",\"target\":{\"@type\":\"EntryPoint\",\"urlTemplate\":\"https:\/\/interregv.deutschland-nederland.eu\/nl\/?s={search_term_string}\"},\"query-input\":\"required name=search_term_string\"}],\"inLanguage\":\"nl-NL\"},{\"@type\":\"Person\",\"@id\":\"https:\/\/interregv.deutschland-nederland.eu\/nl\/#\/schema\/person\/4ddecac20d338f3ecc22c688b7a80498\",\"name\":\"interreg\",\"image\":{\"@type\":\"ImageObject\",\"inLanguage\":\"nl-NL\",\"@id\":\"https:\/\/interregv.deutschland-nederland.eu\/nl\/#\/schema\/person\/image\/\",\"url\":\"https:\/\/secure.gravatar.com\/avatar\/4c0aa29da85718a330f84e10d55edc18?s=96&d=mm&r=g\",\"contentUrl\":\"https:\/\/secure.gravatar.com\/avatar\/4c0aa29da85718a330f84e10d55edc18?s=96&d=mm&r=g\",\"caption\":\"interreg\"},\"url\":\"https:\/\/interregv.deutschland-nederland.eu\/nl\/author\/interreg\/\"}]}<\/script>\n<!-- \/ Yoast SEO plugin. -->","yoast_head_json":{"title":"Drie jonge verkooptalenten uit Duitsland en Nederland - INTERREG","robots":{"index":"index","follow":"follow","max-snippet":"max-snippet:-1","max-image-preview":"max-image-preview:large","max-video-preview":"max-video-preview:-1"},"canonical":"https:\/\/interregv.deutschland-nederland.eu\/nl\/drei-junge-verkaufstalente-aus-deutschland-und-den-niederlanden-3\/","og_locale":"nl_NL","og_type":"article","og_title":"Drie jonge verkooptalenten uit Duitsland en Nederland - INTERREG","og_description":"&nbsp; De finale van de Euregionale Verkoper van het Jaar op 16-11-2017 in de Stadthalle Kleve Tien studenten detailhandel van Nederlandse ROC\u2019s en Duitse Berufskollegs streden op 16 november 2017 in de Stadthalle Kleve om de felbegeerde titel \u201cBeste Euregionale Verkoper van het Jaar\u201d. Georganiseerd en mede gefinancierd werd de inmiddels voor de vijfde keer ...","og_url":"https:\/\/interregv.deutschland-nederland.eu\/nl\/drei-junge-verkaufstalente-aus-deutschland-und-den-niederlanden-3\/","og_site_name":"INTERREG","article_published_time":"2017-11-17T12:07:04+00:00","article_modified_time":"2023-04-18T13:44:53+00:00","og_image":[{"width":2560,"height":1707,"url":"https:\/\/interregv.deutschland-nederland.eu\/wp-content\/uploads\/2017\/11\/P1070153-scaled.jpg","type":"image\/jpeg"}],"author":"interreg","twitter_card":"summary_large_image","twitter_misc":{"Geschreven door":"interreg","Geschatte leestijd":"2 minuten"},"schema":{"@context":"https:\/\/schema.org","@graph":[{"@type":"WebPage","@id":"https:\/\/interregv.deutschland-nederland.eu\/nl\/drei-junge-verkaufstalente-aus-deutschland-und-den-niederlanden-3\/","url":"https:\/\/interregv.deutschland-nederland.eu\/nl\/drei-junge-verkaufstalente-aus-deutschland-und-den-niederlanden-3\/","name":"Drie jonge verkooptalenten uit Duitsland en Nederland - INTERREG","isPartOf":{"@id":"https:\/\/interregv.deutschland-nederland.eu\/nl\/#website"},"datePublished":"2017-11-17T12:07:04+00:00","dateModified":"2023-04-18T13:44:53+00:00","author":{"@id":"https:\/\/interregv.deutschland-nederland.eu\/nl\/#\/schema\/person\/4ddecac20d338f3ecc22c688b7a80498"},"breadcrumb":{"@id":"https:\/\/interregv.deutschland-nederland.eu\/nl\/drei-junge-verkaufstalente-aus-deutschland-und-den-niederlanden-3\/#breadcrumb"},"inLanguage":"nl-NL","potentialAction":[{"@type":"ReadAction","target":["https:\/\/interregv.deutschland-nederland.eu\/nl\/drei-junge-verkaufstalente-aus-deutschland-und-den-niederlanden-3\/"]}]},{"@type":"BreadcrumbList","@id":"https:\/\/interregv.deutschland-nederland.eu\/nl\/drei-junge-verkaufstalente-aus-deutschland-und-den-niederlanden-3\/#breadcrumb","itemListElement":[{"@type":"ListItem","position":1,"name":"Home","item":"https:\/\/interregv.deutschland-nederland.eu\/nl\/"},{"@type":"ListItem","position":2,"name":"Drie jonge verkooptalenten uit Duitsland en Nederland"}]},{"@type":"WebSite","@id":"https:\/\/interregv.deutschland-nederland.eu\/nl\/#website","url":"https:\/\/interregv.deutschland-nederland.eu\/nl\/","name":"INTERREG","description":"Deutschland-Nederland","potentialAction":[{"@type":"SearchAction","target":{"@type":"EntryPoint","urlTemplate":"https:\/\/interregv.deutschland-nederland.eu\/nl\/?s={search_term_string}"},"query-input":"required name=search_term_string"}],"inLanguage":"nl-NL"},{"@type":"Person","@id":"https:\/\/interregv.deutschland-nederland.eu\/nl\/#\/schema\/person\/4ddecac20d338f3ecc22c688b7a80498","name":"interreg","image":{"@type":"ImageObject","inLanguage":"nl-NL","@id":"https:\/\/interregv.deutschland-nederland.eu\/nl\/#\/schema\/person\/image\/","url":"https:\/\/secure.gravatar.com\/avatar\/4c0aa29da85718a330f84e10d55edc18?s=96&d=mm&r=g","contentUrl":"https:\/\/secure.gravatar.com\/avatar\/4c0aa29da85718a330f84e10d55edc18?s=96&d=mm&r=g","caption":"interreg"},"url":"https:\/\/interregv.deutschland-nederland.eu\/nl\/author\/interreg\/"}]}},"_links":{"self":[{"href":"https:\/\/interregv.deutschland-nederland.eu\/nl\/wp-json\/wp\/v2\/posts\/14143"}],"collection":[{"href":"https:\/\/interregv.deutschland-nederland.eu\/nl\/wp-json\/wp\/v2\/posts"}],"about":[{"href":"https:\/\/interregv.deutschland-nederland.eu\/nl\/wp-json\/wp\/v2\/types\/post"}],"author":[{"embeddable":true,"href":"https:\/\/interregv.deutschland-nederland.eu\/nl\/wp-json\/wp\/v2\/users\/2"}],"replies":[{"embeddable":true,"href":"https:\/\/interregv.deutschland-nederland.eu\/nl\/wp-json\/wp\/v2\/comments?post=14143"}],"version-history":[{"count":1,"href":"https:\/\/interregv.deutschland-nederland.eu\/nl\/wp-json\/wp\/v2\/posts\/14143\/revisions"}],"predecessor-version":[{"id":29383,"href":"https:\/\/interregv.deutschland-nederland.eu\/nl\/wp-json\/wp\/v2\/posts\/14143\/revisions\/29383"}],"wp:featuredmedia":[{"embeddable":true,"href":"https:\/\/interregv.deutschland-nederland.eu\/nl\/wp-json\/wp\/v2\/media\/14125"}],"wp:attachment":[{"href":"https:\/\/interregv.deutschland-nederland.eu\/nl\/wp-json\/wp\/v2\/media?parent=14143"}],"wp:term":[{"taxonomy":"category","embeddable":true,"href":"https:\/\/interregv.deutschland-nederland.eu\/nl\/wp-json\/wp\/v2\/categories?post=14143"},{"taxonomy":"post_tag","embeddable":true,"href":"https:\/\/interregv.deutschland-nederland.eu\/nl\/wp-json\/wp\/v2\/tags?post=14143"}],"curies":[{"name":"wp","href":"https:\/\/api.w.org\/{rel}","templated":true}]}}