{"id":14374,"date":"2017-12-05T16:06:49","date_gmt":"2017-12-05T15:06:49","guid":{"rendered":"https:\/\/www.deutschland-nederland.eu\/?p=14374"},"modified":"2023-04-18T15:44:31","modified_gmt":"2023-04-18T13:44:31","slug":"fruehe-nachbarsprache","status":"publish","type":"post","link":"https:\/\/interregv.deutschland-nederland.eu\/nl\/fruehe-nachbarsprache\/","title":{"rendered":"Fr\u00fche Nachbarsprache"},"content":{"rendered":"<p>Die Sprache des Nachbarn aus der Grenzregion sprechen: Das sollte selbstverst\u00e4ndlich werden und beginnt mit dem <strong>Sprachunterricht in der Grundschule<\/strong>. In der Fernseh-Sendung \u201eOhne Grenzen \u2013 Zonder Grenzen\u201c ging es am Beispiel\u00a0des\u00a0Projektes\u00a0\u201eFr\u00fche Nachbarsprache!\u201c nun um dieses Thema.<\/p>\n<div class=\"fve-video-wrapper fve-image-embed fve-thumbnail-image youtube\" style=\"padding-bottom:75%;\">\n    <iframe loading=\"lazy\" src=\"\/\/www.youtube.com\/embed\/_THlDYl0Oi4?wmode=transparent&#038;modestbranding=1&#038;autohide=1&#038;showinfo=0&#038;rel=0\" width=\"100%\" height=\"100%\" frameborder=\"0\" webkitAllowFullScreen mozallowfullscreen allowFullScreen><\/iframe>    <\/div>\n<p><em>Fragment\u00a0aus &#8220;Ohne Grenzen &#8211; Zonder Grenzen&#8221; vom 22.11.2017. <\/em><em>Produktion: RTV Drenthe \/ EV1.tv.<\/em><\/p>\n<p>Abgesehen von der Sprache, sollen die Schulkinder auch die Kultur der Menschen im Grenzgebiet kennenlernen. Um die fr\u00fche Entwicklung des Sprach- und Kulturverst\u00e4ndnisses zu stimulieren,\u00a0werden Partnerschaften zwischen Schulen initiiert, Unterrichtsmethoden entwickelt und\u00a0nachhaltige Aktivit\u00e4ten f\u00fcr Grundsch\u00fcler\u00a0implementiert. Am Ende soll ein Curriculum entstehen, welches individuell auf die jeweilige Schule zugeschnitten werden kann.<\/p>\n<p><strong>Nahtloser Anschluss an die weiterf\u00fchrende Schule<\/strong><\/p>\n<p>Bei der Entwicklung von konkreten Unterrichtspaketen wird auch ausgearbeitet, wie die Grundschulen und die weiterf\u00fchrenden Schulen besser zusammenarbeiten k\u00f6nnen. Der nahtlose Anschluss an das Erlernen der Nachbarsprache soll f\u00fcr Schuler ab Klasse 5 gew\u00e4hrleistet werden. Das Pilotprojekt findet in der Ems Dollart Region statt. Mit der Verstetigung der Zusammenarbeit soll es m\u00f6glich werden, in naher Zukunft \u201eFr\u00fche Nachbarsprache\u201c in der gesamten Grenzregion anzubieten. Die Projektlaufzeit erstreckt sich auf 2 Jahre.<\/p>\n<p>&#8220;Fr\u00fche Nachbarsprache&#8221; wird von der Europ\u00e4ischen Union und dem INTERREG-Programm gef\u00f6rdert und ist Teil des Dachprojektes <a href=\"https:\/\/www.arbeitsmarkt-nord.eu\/\">&#8220;Arbeitsmarkt Nord&#8221;<\/a><\/p>\n<p>&nbsp;<\/p>\n","protected":false},"excerpt":{"rendered":"<p>Die Sprache des Nachbarn aus der Grenzregion sprechen: Das sollte selbstverst\u00e4ndlich werden und beginnt mit dem Sprachunterricht in der Grundschule. In der Fernseh-Sendung \u201eOhne Grenzen \u2013 Zonder Grenzen\u201c ging es am Beispiel\u00a0des\u00a0Projektes\u00a0\u201eFr\u00fche Nachbarsprache!\u201c nun um dieses Thema. Fragment\u00a0aus &#8220;Ohne Grenzen &#8211; Zonder Grenzen&#8221; vom 22.11.2017. Produktion: RTV Drenthe \/ EV1.tv. Abgesehen von der Sprache, sollen <a href=\"https:\/\/interregv.deutschland-nederland.eu\/nl\/fruehe-nachbarsprache\/\" class=\"more-link\">&#8230;<\/a><\/p>\n","protected":false},"author":2,"featured_media":14375,"comment_status":"closed","ping_status":"closed","sticky":false,"template":"","format":"standard","meta":[],"categories":[8],"tags":[],"acf":[],"yoast_head":"<!-- This site is optimized with the Yoast SEO plugin v20.10 - https:\/\/yoast.com\/wordpress\/plugins\/seo\/ -->\n<title>Fr\u00fche Nachbarsprache - INTERREG<\/title>\n<meta name=\"robots\" content=\"index, follow, max-snippet:-1, max-image-preview:large, max-video-preview:-1\" \/>\n<link rel=\"canonical\" href=\"https:\/\/interregv.deutschland-nederland.eu\/nl\/fruehe-nachbarsprache\/\" \/>\n<meta property=\"og:locale\" content=\"nl_NL\" \/>\n<meta property=\"og:type\" content=\"article\" \/>\n<meta property=\"og:title\" content=\"Fr\u00fche Nachbarsprache - INTERREG\" \/>\n<meta property=\"og:description\" content=\"Die Sprache des Nachbarn aus der Grenzregion sprechen: Das sollte selbstverst\u00e4ndlich werden und beginnt mit dem Sprachunterricht in der Grundschule. In der Fernseh-Sendung \u201eOhne Grenzen \u2013 Zonder Grenzen\u201c ging es am Beispiel\u00a0des\u00a0Projektes\u00a0\u201eFr\u00fche Nachbarsprache!\u201c nun um dieses Thema. Fragment\u00a0aus &#8220;Ohne Grenzen &#8211; Zonder Grenzen&#8221; vom 22.11.2017. Produktion: RTV Drenthe \/ EV1.tv. Abgesehen von der Sprache, sollen ...\" \/>\n<meta property=\"og:url\" content=\"https:\/\/interregv.deutschland-nederland.eu\/nl\/fruehe-nachbarsprache\/\" \/>\n<meta property=\"og:site_name\" content=\"INTERREG\" \/>\n<meta property=\"article:published_time\" content=\"2017-12-05T15:06:49+00:00\" \/>\n<meta property=\"article:modified_time\" content=\"2023-04-18T13:44:31+00:00\" \/>\n<meta property=\"og:image\" content=\"https:\/\/interregv.deutschland-nederland.eu\/wp-content\/uploads\/2017\/12\/school-scaled.jpg\" \/>\n\t<meta property=\"og:image:width\" content=\"2560\" \/>\n\t<meta property=\"og:image:height\" content=\"1707\" \/>\n\t<meta property=\"og:image:type\" content=\"image\/jpeg\" \/>\n<meta name=\"author\" content=\"interreg\" \/>\n<meta name=\"twitter:card\" content=\"summary_large_image\" \/>\n<meta name=\"twitter:label1\" content=\"Geschreven door\" \/>\n\t<meta name=\"twitter:data1\" content=\"interreg\" \/>\n\t<meta name=\"twitter:label2\" content=\"Geschatte leestijd\" \/>\n\t<meta name=\"twitter:data2\" content=\"1 minuut\" \/>\n<script type=\"application\/ld+json\" class=\"yoast-schema-graph\">{\"@context\":\"https:\/\/schema.org\",\"@graph\":[{\"@type\":\"WebPage\",\"@id\":\"https:\/\/interregv.deutschland-nederland.eu\/nl\/fruehe-nachbarsprache\/\",\"url\":\"https:\/\/interregv.deutschland-nederland.eu\/nl\/fruehe-nachbarsprache\/\",\"name\":\"Fr\u00fche Nachbarsprache - INTERREG\",\"isPartOf\":{\"@id\":\"https:\/\/interregv.deutschland-nederland.eu\/nl\/#website\"},\"datePublished\":\"2017-12-05T15:06:49+00:00\",\"dateModified\":\"2023-04-18T13:44:31+00:00\",\"author\":{\"@id\":\"https:\/\/interregv.deutschland-nederland.eu\/nl\/#\/schema\/person\/4ddecac20d338f3ecc22c688b7a80498\"},\"breadcrumb\":{\"@id\":\"https:\/\/interregv.deutschland-nederland.eu\/nl\/fruehe-nachbarsprache\/#breadcrumb\"},\"inLanguage\":\"nl-NL\",\"potentialAction\":[{\"@type\":\"ReadAction\",\"target\":[\"https:\/\/interregv.deutschland-nederland.eu\/nl\/fruehe-nachbarsprache\/\"]}]},{\"@type\":\"BreadcrumbList\",\"@id\":\"https:\/\/interregv.deutschland-nederland.eu\/nl\/fruehe-nachbarsprache\/#breadcrumb\",\"itemListElement\":[{\"@type\":\"ListItem\",\"position\":1,\"name\":\"Home\",\"item\":\"https:\/\/interregv.deutschland-nederland.eu\/nl\/\"},{\"@type\":\"ListItem\",\"position\":2,\"name\":\"Fr\u00fche Nachbarsprache\"}]},{\"@type\":\"WebSite\",\"@id\":\"https:\/\/interregv.deutschland-nederland.eu\/nl\/#website\",\"url\":\"https:\/\/interregv.deutschland-nederland.eu\/nl\/\",\"name\":\"INTERREG\",\"description\":\"Deutschland-Nederland\",\"potentialAction\":[{\"@type\":\"SearchAction\",\"target\":{\"@type\":\"EntryPoint\",\"urlTemplate\":\"https:\/\/interregv.deutschland-nederland.eu\/nl\/?s={search_term_string}\"},\"query-input\":\"required name=search_term_string\"}],\"inLanguage\":\"nl-NL\"},{\"@type\":\"Person\",\"@id\":\"https:\/\/interregv.deutschland-nederland.eu\/nl\/#\/schema\/person\/4ddecac20d338f3ecc22c688b7a80498\",\"name\":\"interreg\",\"image\":{\"@type\":\"ImageObject\",\"inLanguage\":\"nl-NL\",\"@id\":\"https:\/\/interregv.deutschland-nederland.eu\/nl\/#\/schema\/person\/image\/\",\"url\":\"https:\/\/secure.gravatar.com\/avatar\/4c0aa29da85718a330f84e10d55edc18?s=96&d=mm&r=g\",\"contentUrl\":\"https:\/\/secure.gravatar.com\/avatar\/4c0aa29da85718a330f84e10d55edc18?s=96&d=mm&r=g\",\"caption\":\"interreg\"},\"url\":\"https:\/\/interregv.deutschland-nederland.eu\/nl\/author\/interreg\/\"}]}<\/script>\n<!-- \/ Yoast SEO plugin. -->","yoast_head_json":{"title":"Fr\u00fche Nachbarsprache - INTERREG","robots":{"index":"index","follow":"follow","max-snippet":"max-snippet:-1","max-image-preview":"max-image-preview:large","max-video-preview":"max-video-preview:-1"},"canonical":"https:\/\/interregv.deutschland-nederland.eu\/nl\/fruehe-nachbarsprache\/","og_locale":"nl_NL","og_type":"article","og_title":"Fr\u00fche Nachbarsprache - INTERREG","og_description":"Die Sprache des Nachbarn aus der Grenzregion sprechen: Das sollte selbstverst\u00e4ndlich werden und beginnt mit dem Sprachunterricht in der Grundschule. In der Fernseh-Sendung \u201eOhne Grenzen \u2013 Zonder Grenzen\u201c ging es am Beispiel\u00a0des\u00a0Projektes\u00a0\u201eFr\u00fche Nachbarsprache!\u201c nun um dieses Thema. Fragment\u00a0aus &#8220;Ohne Grenzen &#8211; Zonder Grenzen&#8221; vom 22.11.2017. Produktion: RTV Drenthe \/ EV1.tv. Abgesehen von der Sprache, sollen ...","og_url":"https:\/\/interregv.deutschland-nederland.eu\/nl\/fruehe-nachbarsprache\/","og_site_name":"INTERREG","article_published_time":"2017-12-05T15:06:49+00:00","article_modified_time":"2023-04-18T13:44:31+00:00","og_image":[{"width":2560,"height":1707,"url":"https:\/\/interregv.deutschland-nederland.eu\/wp-content\/uploads\/2017\/12\/school-scaled.jpg","type":"image\/jpeg"}],"author":"interreg","twitter_card":"summary_large_image","twitter_misc":{"Geschreven door":"interreg","Geschatte leestijd":"1 minuut"},"schema":{"@context":"https:\/\/schema.org","@graph":[{"@type":"WebPage","@id":"https:\/\/interregv.deutschland-nederland.eu\/nl\/fruehe-nachbarsprache\/","url":"https:\/\/interregv.deutschland-nederland.eu\/nl\/fruehe-nachbarsprache\/","name":"Fr\u00fche Nachbarsprache - INTERREG","isPartOf":{"@id":"https:\/\/interregv.deutschland-nederland.eu\/nl\/#website"},"datePublished":"2017-12-05T15:06:49+00:00","dateModified":"2023-04-18T13:44:31+00:00","author":{"@id":"https:\/\/interregv.deutschland-nederland.eu\/nl\/#\/schema\/person\/4ddecac20d338f3ecc22c688b7a80498"},"breadcrumb":{"@id":"https:\/\/interregv.deutschland-nederland.eu\/nl\/fruehe-nachbarsprache\/#breadcrumb"},"inLanguage":"nl-NL","potentialAction":[{"@type":"ReadAction","target":["https:\/\/interregv.deutschland-nederland.eu\/nl\/fruehe-nachbarsprache\/"]}]},{"@type":"BreadcrumbList","@id":"https:\/\/interregv.deutschland-nederland.eu\/nl\/fruehe-nachbarsprache\/#breadcrumb","itemListElement":[{"@type":"ListItem","position":1,"name":"Home","item":"https:\/\/interregv.deutschland-nederland.eu\/nl\/"},{"@type":"ListItem","position":2,"name":"Fr\u00fche Nachbarsprache"}]},{"@type":"WebSite","@id":"https:\/\/interregv.deutschland-nederland.eu\/nl\/#website","url":"https:\/\/interregv.deutschland-nederland.eu\/nl\/","name":"INTERREG","description":"Deutschland-Nederland","potentialAction":[{"@type":"SearchAction","target":{"@type":"EntryPoint","urlTemplate":"https:\/\/interregv.deutschland-nederland.eu\/nl\/?s={search_term_string}"},"query-input":"required name=search_term_string"}],"inLanguage":"nl-NL"},{"@type":"Person","@id":"https:\/\/interregv.deutschland-nederland.eu\/nl\/#\/schema\/person\/4ddecac20d338f3ecc22c688b7a80498","name":"interreg","image":{"@type":"ImageObject","inLanguage":"nl-NL","@id":"https:\/\/interregv.deutschland-nederland.eu\/nl\/#\/schema\/person\/image\/","url":"https:\/\/secure.gravatar.com\/avatar\/4c0aa29da85718a330f84e10d55edc18?s=96&d=mm&r=g","contentUrl":"https:\/\/secure.gravatar.com\/avatar\/4c0aa29da85718a330f84e10d55edc18?s=96&d=mm&r=g","caption":"interreg"},"url":"https:\/\/interregv.deutschland-nederland.eu\/nl\/author\/interreg\/"}]}},"_links":{"self":[{"href":"https:\/\/interregv.deutschland-nederland.eu\/nl\/wp-json\/wp\/v2\/posts\/14374"}],"collection":[{"href":"https:\/\/interregv.deutschland-nederland.eu\/nl\/wp-json\/wp\/v2\/posts"}],"about":[{"href":"https:\/\/interregv.deutschland-nederland.eu\/nl\/wp-json\/wp\/v2\/types\/post"}],"author":[{"embeddable":true,"href":"https:\/\/interregv.deutschland-nederland.eu\/nl\/wp-json\/wp\/v2\/users\/2"}],"replies":[{"embeddable":true,"href":"https:\/\/interregv.deutschland-nederland.eu\/nl\/wp-json\/wp\/v2\/comments?post=14374"}],"version-history":[{"count":1,"href":"https:\/\/interregv.deutschland-nederland.eu\/nl\/wp-json\/wp\/v2\/posts\/14374\/revisions"}],"predecessor-version":[{"id":20990,"href":"https:\/\/interregv.deutschland-nederland.eu\/nl\/wp-json\/wp\/v2\/posts\/14374\/revisions\/20990"}],"wp:featuredmedia":[{"embeddable":true,"href":"https:\/\/interregv.deutschland-nederland.eu\/nl\/wp-json\/wp\/v2\/media\/14375"}],"wp:attachment":[{"href":"https:\/\/interregv.deutschland-nederland.eu\/nl\/wp-json\/wp\/v2\/media?parent=14374"}],"wp:term":[{"taxonomy":"category","embeddable":true,"href":"https:\/\/interregv.deutschland-nederland.eu\/nl\/wp-json\/wp\/v2\/categories?post=14374"},{"taxonomy":"post_tag","embeddable":true,"href":"https:\/\/interregv.deutschland-nederland.eu\/nl\/wp-json\/wp\/v2\/tags?post=14374"}],"curies":[{"name":"wp","href":"https:\/\/api.w.org\/{rel}","templated":true}]}}