{"id":16274,"date":"2018-12-10T14:16:29","date_gmt":"2018-12-10T13:16:29","guid":{"rendered":"https:\/\/www.deutschland-nederland.eu\/?p=16274"},"modified":"2023-04-18T15:42:43","modified_gmt":"2023-04-18T13:42:43","slug":"interreg-va-project-rocket","status":"publish","type":"post","link":"https:\/\/interregv.deutschland-nederland.eu\/nl\/interreg-va-project-rocket\/","title":{"rendered":"INTERREG VA-project ROCKET"},"content":{"rendered":"<p><strong>Voor het eerst presenteren bijna alle ROCKET-innovatieprojecten hun innovatieve ontwikkelingen samen, en met succes<\/strong><\/p>\n<p>De NRW Nano Conference heeft zich verder ontwikkeld en in de achtste editie is dan ook het aanbod gericht uitgebreid met expertise van materialen. Dit komt ook tot uitdrukking in de conferentietitel: &#8220;Innovations in Materials and Applications&#8221;. Reden genoeg voor de kernpartners van het Duits-Nederlandse INTERREG VA-project <a href=\"http:\/\/rocket-innovations.eu\/nl\/\" target=\"_blank\" rel=\"noopener noreferrer\">ROCKET<\/a> om hun deelname aan de conferentie aanzienlijk te intensiveren. Dit sluit naadloos aan op de impact van bedrijfsontwikkeling; een essenti\u00eble succesfactor voor innovatieprojecten.<\/p>\n<p>Tijdens de vaksessie &#8220;ROCKET &#8211; Cross-border KET-projecten&#8221; presenteerden vertegenwoordigers van industrie en wetenschap de huidige status van hun innovatieprojecten in de Duits-Nederlandse grensregio. Daarnaast waren ze beschikbaar voor ge\u00efnteresseerde deelnemers met vragen en voor het uitwisselen van idee\u00ebn tijdens de sessiepauzes. Aan het begin van de sessie gaf mevrouw Ilka Meisel, hoofd van de Europese groep voor territoriale samenwerking bij het ministerie van Economische Zaken, Innovatie, Digitalisering en Energie van de deelstaat Noord-Rijnland-Westfalen, een korte introductie van het ondersteuningsprogramma INTERREG VA en praktische tips voor iedereen die ge\u00efnteresseerd is in financiering door een dergelijk programma.<\/p>\n<p>Bij de conferentie-tentoonstelling was de grote ROCKET-expositie een echte publiekstrekker, niet het minst vanwege het brede scala aan onderwerpen die door de innovatieprojecten werden getoond. Naast de betrokken deelnemers van de ROCKET-innovatieprojecten waren de initiatiefnemers van ROCKET uit Nederland, evenals uit Nedersaksen en Noord-Rijnland-Westfalen ook aanwezig voor vragen en informatie over mogelijke toekomstige financieringsprojecten. &#8220;De grote interesse in ROCKET toont ons dat het concept van het initi\u00ebren van innovatieprojecten onder een parapluprogramma om administratieve lasten te verminderen en de snelheid van handelen te vergroten de juiste weg is. De ondersteuning van de kernpartners bij het initi\u00ebren van innovatieprojecten is iets dat uniek is &#8220;, zegt Alex van Geldrop, projectmanager van leadpartner Oost NL.<\/p>\n<p><em><strong>Over ROCKET<\/strong><\/em><\/p>\n<p><strong>\u201eROCKET\u201c<\/strong> staat voor RegiOnal Collaboration on Key Enabling Technologies en stimuleert de samen-werking tussen bedrijfsleven en wetenschap in het Duits-Nederlandse grensgebied tussen de Noordzee en Niederrhein om onderzoek, technologische ontwikkeling en innovatie te versterken. Het project richt zich op sleuteltechnologie\u00ebn (KET; Key Enabling Technologies) zoals nanotechnologie, microsysteemtechniek, micro- en nano-electronica, innovatieve materialen &amp; grondstoffen en fotonica.<\/p>\n<p>ROCKET richt zich op de Duits-Nederlandse grensregio. Om zo goed mogelijk in te kunnen spelen op de individuele eisen van de deelnemende projectpartners zijn er vijf regionale co\u00f6rdinatoren als persoonlijke contactpersoon en lokale adviseur beschikbaar; leadpartner Oost NL, Business Cluster Semiconductors Netherlands, Novel-T, Cluster NanoMikroWerkstoffePhotonik.NRW en innos \u2013 Sperlich GmbH. Dit project wordt in het kader van het INTERREG-programma door de Europese Unie en het Ministerie van Economische Zaken en Klimaat, das Ministerium f\u00fcr Wirtschaft, Innovation, Digitalisierung und Energie des Landes Nordrhein-Westfalen, das Nieders\u00e4chsische Ministerium f\u00fcr Bundes- und Europaangelegenheiten und Regionale Entwicklung en de provincies Overijssel en Gelderland financieel ondersteund.<\/p>\n","protected":false},"excerpt":{"rendered":"<p>Voor het eerst presenteren bijna alle ROCKET-innovatieprojecten hun innovatieve ontwikkelingen samen, en met succes De NRW Nano Conference heeft zich verder ontwikkeld en in de achtste editie is dan ook het aanbod gericht uitgebreid met expertise van materialen. Dit komt ook tot uitdrukking in de conferentietitel: &#8220;Innovations in Materials and Applications&#8221;. Reden genoeg voor de <a href=\"https:\/\/interregv.deutschland-nederland.eu\/nl\/interreg-va-project-rocket\/\" class=\"more-link\">&#8230;<\/a><\/p>\n","protected":false},"author":2,"featured_media":29372,"comment_status":"closed","ping_status":"closed","sticky":false,"template":"","format":"standard","meta":[],"categories":[8],"tags":[],"acf":[],"yoast_head":"<!-- This site is optimized with the Yoast SEO plugin v20.10 - https:\/\/yoast.com\/wordpress\/plugins\/seo\/ -->\n<title>INTERREG VA-project ROCKET - INTERREG<\/title>\n<meta name=\"robots\" content=\"index, follow, max-snippet:-1, max-image-preview:large, max-video-preview:-1\" \/>\n<link rel=\"canonical\" href=\"https:\/\/interregv.deutschland-nederland.eu\/nl\/interreg-va-project-rocket\/\" \/>\n<meta property=\"og:locale\" content=\"nl_NL\" \/>\n<meta property=\"og:type\" content=\"article\" \/>\n<meta property=\"og:title\" content=\"INTERREG VA-project ROCKET - INTERREG\" \/>\n<meta property=\"og:description\" content=\"Voor het eerst presenteren bijna alle ROCKET-innovatieprojecten hun innovatieve ontwikkelingen samen, en met succes De NRW Nano Conference heeft zich verder ontwikkeld en in de achtste editie is dan ook het aanbod gericht uitgebreid met expertise van materialen. Dit komt ook tot uitdrukking in de conferentietitel: &#8220;Innovations in Materials and Applications&#8221;. Reden genoeg voor de ...\" \/>\n<meta property=\"og:url\" content=\"https:\/\/interregv.deutschland-nederland.eu\/nl\/interreg-va-project-rocket\/\" \/>\n<meta property=\"og:site_name\" content=\"INTERREG\" \/>\n<meta property=\"article:published_time\" content=\"2018-12-10T13:16:29+00:00\" \/>\n<meta property=\"article:modified_time\" content=\"2023-04-18T13:42:43+00:00\" \/>\n<meta property=\"og:image\" content=\"https:\/\/interregv.deutschland-nederland.eu\/wp-content\/uploads\/2018\/12\/7NAN9485_Nano_Kongress_2018_Hauss_430-scaled.jpg\" \/>\n\t<meta property=\"og:image:width\" content=\"2560\" \/>\n\t<meta property=\"og:image:height\" content=\"1746\" \/>\n\t<meta property=\"og:image:type\" content=\"image\/jpeg\" \/>\n<meta name=\"author\" content=\"interreg\" \/>\n<meta name=\"twitter:card\" content=\"summary_large_image\" \/>\n<meta name=\"twitter:label1\" content=\"Geschreven door\" \/>\n\t<meta name=\"twitter:data1\" content=\"interreg\" \/>\n\t<meta name=\"twitter:label2\" content=\"Geschatte leestijd\" \/>\n\t<meta name=\"twitter:data2\" content=\"2 minuten\" \/>\n<script type=\"application\/ld+json\" class=\"yoast-schema-graph\">{\"@context\":\"https:\/\/schema.org\",\"@graph\":[{\"@type\":\"WebPage\",\"@id\":\"https:\/\/interregv.deutschland-nederland.eu\/nl\/interreg-va-project-rocket\/\",\"url\":\"https:\/\/interregv.deutschland-nederland.eu\/nl\/interreg-va-project-rocket\/\",\"name\":\"INTERREG VA-project ROCKET - INTERREG\",\"isPartOf\":{\"@id\":\"https:\/\/interregv.deutschland-nederland.eu\/nl\/#website\"},\"datePublished\":\"2018-12-10T13:16:29+00:00\",\"dateModified\":\"2023-04-18T13:42:43+00:00\",\"author\":{\"@id\":\"https:\/\/interregv.deutschland-nederland.eu\/nl\/#\/schema\/person\/4ddecac20d338f3ecc22c688b7a80498\"},\"breadcrumb\":{\"@id\":\"https:\/\/interregv.deutschland-nederland.eu\/nl\/interreg-va-project-rocket\/#breadcrumb\"},\"inLanguage\":\"nl-NL\",\"potentialAction\":[{\"@type\":\"ReadAction\",\"target\":[\"https:\/\/interregv.deutschland-nederland.eu\/nl\/interreg-va-project-rocket\/\"]}]},{\"@type\":\"BreadcrumbList\",\"@id\":\"https:\/\/interregv.deutschland-nederland.eu\/nl\/interreg-va-project-rocket\/#breadcrumb\",\"itemListElement\":[{\"@type\":\"ListItem\",\"position\":1,\"name\":\"Home\",\"item\":\"https:\/\/interregv.deutschland-nederland.eu\/nl\/\"},{\"@type\":\"ListItem\",\"position\":2,\"name\":\"INTERREG VA-project ROCKET\"}]},{\"@type\":\"WebSite\",\"@id\":\"https:\/\/interregv.deutschland-nederland.eu\/nl\/#website\",\"url\":\"https:\/\/interregv.deutschland-nederland.eu\/nl\/\",\"name\":\"INTERREG\",\"description\":\"Deutschland-Nederland\",\"potentialAction\":[{\"@type\":\"SearchAction\",\"target\":{\"@type\":\"EntryPoint\",\"urlTemplate\":\"https:\/\/interregv.deutschland-nederland.eu\/nl\/?s={search_term_string}\"},\"query-input\":\"required name=search_term_string\"}],\"inLanguage\":\"nl-NL\"},{\"@type\":\"Person\",\"@id\":\"https:\/\/interregv.deutschland-nederland.eu\/nl\/#\/schema\/person\/4ddecac20d338f3ecc22c688b7a80498\",\"name\":\"interreg\",\"image\":{\"@type\":\"ImageObject\",\"inLanguage\":\"nl-NL\",\"@id\":\"https:\/\/interregv.deutschland-nederland.eu\/nl\/#\/schema\/person\/image\/\",\"url\":\"https:\/\/secure.gravatar.com\/avatar\/4c0aa29da85718a330f84e10d55edc18?s=96&d=mm&r=g\",\"contentUrl\":\"https:\/\/secure.gravatar.com\/avatar\/4c0aa29da85718a330f84e10d55edc18?s=96&d=mm&r=g\",\"caption\":\"interreg\"},\"url\":\"https:\/\/interregv.deutschland-nederland.eu\/nl\/author\/interreg\/\"}]}<\/script>\n<!-- \/ Yoast SEO plugin. -->","yoast_head_json":{"title":"INTERREG VA-project ROCKET - INTERREG","robots":{"index":"index","follow":"follow","max-snippet":"max-snippet:-1","max-image-preview":"max-image-preview:large","max-video-preview":"max-video-preview:-1"},"canonical":"https:\/\/interregv.deutschland-nederland.eu\/nl\/interreg-va-project-rocket\/","og_locale":"nl_NL","og_type":"article","og_title":"INTERREG VA-project ROCKET - INTERREG","og_description":"Voor het eerst presenteren bijna alle ROCKET-innovatieprojecten hun innovatieve ontwikkelingen samen, en met succes De NRW Nano Conference heeft zich verder ontwikkeld en in de achtste editie is dan ook het aanbod gericht uitgebreid met expertise van materialen. Dit komt ook tot uitdrukking in de conferentietitel: &#8220;Innovations in Materials and Applications&#8221;. Reden genoeg voor de ...","og_url":"https:\/\/interregv.deutschland-nederland.eu\/nl\/interreg-va-project-rocket\/","og_site_name":"INTERREG","article_published_time":"2018-12-10T13:16:29+00:00","article_modified_time":"2023-04-18T13:42:43+00:00","og_image":[{"width":2560,"height":1746,"url":"https:\/\/interregv.deutschland-nederland.eu\/wp-content\/uploads\/2018\/12\/7NAN9485_Nano_Kongress_2018_Hauss_430-scaled.jpg","type":"image\/jpeg"}],"author":"interreg","twitter_card":"summary_large_image","twitter_misc":{"Geschreven door":"interreg","Geschatte leestijd":"2 minuten"},"schema":{"@context":"https:\/\/schema.org","@graph":[{"@type":"WebPage","@id":"https:\/\/interregv.deutschland-nederland.eu\/nl\/interreg-va-project-rocket\/","url":"https:\/\/interregv.deutschland-nederland.eu\/nl\/interreg-va-project-rocket\/","name":"INTERREG VA-project ROCKET - INTERREG","isPartOf":{"@id":"https:\/\/interregv.deutschland-nederland.eu\/nl\/#website"},"datePublished":"2018-12-10T13:16:29+00:00","dateModified":"2023-04-18T13:42:43+00:00","author":{"@id":"https:\/\/interregv.deutschland-nederland.eu\/nl\/#\/schema\/person\/4ddecac20d338f3ecc22c688b7a80498"},"breadcrumb":{"@id":"https:\/\/interregv.deutschland-nederland.eu\/nl\/interreg-va-project-rocket\/#breadcrumb"},"inLanguage":"nl-NL","potentialAction":[{"@type":"ReadAction","target":["https:\/\/interregv.deutschland-nederland.eu\/nl\/interreg-va-project-rocket\/"]}]},{"@type":"BreadcrumbList","@id":"https:\/\/interregv.deutschland-nederland.eu\/nl\/interreg-va-project-rocket\/#breadcrumb","itemListElement":[{"@type":"ListItem","position":1,"name":"Home","item":"https:\/\/interregv.deutschland-nederland.eu\/nl\/"},{"@type":"ListItem","position":2,"name":"INTERREG VA-project ROCKET"}]},{"@type":"WebSite","@id":"https:\/\/interregv.deutschland-nederland.eu\/nl\/#website","url":"https:\/\/interregv.deutschland-nederland.eu\/nl\/","name":"INTERREG","description":"Deutschland-Nederland","potentialAction":[{"@type":"SearchAction","target":{"@type":"EntryPoint","urlTemplate":"https:\/\/interregv.deutschland-nederland.eu\/nl\/?s={search_term_string}"},"query-input":"required name=search_term_string"}],"inLanguage":"nl-NL"},{"@type":"Person","@id":"https:\/\/interregv.deutschland-nederland.eu\/nl\/#\/schema\/person\/4ddecac20d338f3ecc22c688b7a80498","name":"interreg","image":{"@type":"ImageObject","inLanguage":"nl-NL","@id":"https:\/\/interregv.deutschland-nederland.eu\/nl\/#\/schema\/person\/image\/","url":"https:\/\/secure.gravatar.com\/avatar\/4c0aa29da85718a330f84e10d55edc18?s=96&d=mm&r=g","contentUrl":"https:\/\/secure.gravatar.com\/avatar\/4c0aa29da85718a330f84e10d55edc18?s=96&d=mm&r=g","caption":"interreg"},"url":"https:\/\/interregv.deutschland-nederland.eu\/nl\/author\/interreg\/"}]}},"_links":{"self":[{"href":"https:\/\/interregv.deutschland-nederland.eu\/nl\/wp-json\/wp\/v2\/posts\/16274"}],"collection":[{"href":"https:\/\/interregv.deutschland-nederland.eu\/nl\/wp-json\/wp\/v2\/posts"}],"about":[{"href":"https:\/\/interregv.deutschland-nederland.eu\/nl\/wp-json\/wp\/v2\/types\/post"}],"author":[{"embeddable":true,"href":"https:\/\/interregv.deutschland-nederland.eu\/nl\/wp-json\/wp\/v2\/users\/2"}],"replies":[{"embeddable":true,"href":"https:\/\/interregv.deutschland-nederland.eu\/nl\/wp-json\/wp\/v2\/comments?post=16274"}],"version-history":[{"count":1,"href":"https:\/\/interregv.deutschland-nederland.eu\/nl\/wp-json\/wp\/v2\/posts\/16274\/revisions"}],"predecessor-version":[{"id":20846,"href":"https:\/\/interregv.deutschland-nederland.eu\/nl\/wp-json\/wp\/v2\/posts\/16274\/revisions\/20846"}],"wp:featuredmedia":[{"embeddable":true,"href":"https:\/\/interregv.deutschland-nederland.eu\/nl\/wp-json\/wp\/v2\/media\/29372"}],"wp:attachment":[{"href":"https:\/\/interregv.deutschland-nederland.eu\/nl\/wp-json\/wp\/v2\/media?parent=16274"}],"wp:term":[{"taxonomy":"category","embeddable":true,"href":"https:\/\/interregv.deutschland-nederland.eu\/nl\/wp-json\/wp\/v2\/categories?post=16274"},{"taxonomy":"post_tag","embeddable":true,"href":"https:\/\/interregv.deutschland-nederland.eu\/nl\/wp-json\/wp\/v2\/tags?post=16274"}],"curies":[{"name":"wp","href":"https:\/\/api.w.org\/{rel}","templated":true}]}}