{"id":16825,"date":"2019-01-16T14:08:10","date_gmt":"2019-01-16T13:08:10","guid":{"rendered":"https:\/\/www.deutschland-nederland.eu\/?p=16825"},"modified":"2023-04-18T15:42:42","modified_gmt":"2023-04-18T13:42:42","slug":"kick-off-bijeenkomst-tandem","status":"publish","type":"post","link":"https:\/\/interregv.deutschland-nederland.eu\/nl\/kick-off-bijeenkomst-tandem\/","title":{"rendered":"Kick-off bijeenkomst taNDem"},"content":{"rendered":"\n<p>Het is tijd voor de tweede ronde van het Duits-Nederlandse <a rel=\"noreferrer noopener\" href=\"https:\/\/www.tandemkunst.eu\/\" target=\"_blank\">taNDem-project<\/a>, deze keer met het jaarthema \u201c<a aria-label=\"energie (\u00f6ffnet in neuem Tab)\" rel=\"noreferrer noopener\" href=\"https:\/\/www.tandemkunst.eu\/themas-2\/\" target=\"_blank\">energie<\/a>\u201d. taNDem is een grensoverschrijdend project dat zich richt op Duitse en Nederlandse kunstenaars en cultuurmakers uit de <a rel=\"noreferrer noopener\" href=\"https:\/\/www.tandemkunst.eu\/wp-content\/uploads\/2018\/03\/EUREGIO-kaart.pdf\" class=\"mtli_attachment mtli_pdf\" target=\"_blank\">EUREGIO<\/a>. In gezamenlijke tandems voeren zij kunst- en cultuurprojecten uit met betrekking tot het jaarthema. Hiervoor kunnen ze maximaal \u20ac15.000 subsidie ontvangen.<\/p>\n\n\n\n<p><strong>Het taNDemcamp<\/strong><\/p>\n\n\n\n<p>Om potenti\u00eble projectpartners uit het buurland te vinden en een blijvend grensoverschrijdend netwerk op te bouwen, organiseert taNDem aan het begin van elk themajaar het taNDemcamp, dit jaar op 31 januari 2019 van 10.00 tot 15.00 uur. Hier kun je inspiratie opdoen, kunstenaars en cultuurmakers uit het buurland leren kennen en netwerken met andere creatievelingen. <strong>De deelname is gratis en inclusief eten en drinken.<\/strong><\/p>\n\n\n\n<p>Het taNDemcamp is in de vorm van een <a href=\"https:\/\/www.youtube.com\/watch?v=IQBCsBeWFew&amp;feature=youtu.be\" target=\"_blank\" rel=\"noreferrer noopener\">barcamp<\/a>, waarbij <strong>elkaar\nontmoeten<\/strong> centraal staat. In tegenstelling tot traditionele bijeenkomsten\nwordt de inhoud bij een barcamp door de deelnemers zelf ontwikkeld en\nvormgegeven. De organisatoren bieden handvatten, maar de deelnemers zijn de\nexperts. Ze kunnen zich inbrengen door bijvoorbeeld een pitchpresentatie,\ndiscussies of vraagstellingen, maar ook andere creatieve bijdrages zijn\nmogelijk. Zo worden nieuwe idee\u00ebn gecre\u00eberd, gezamenlijke projecten in gang\ngezet en nuttige contacten gelegd.<\/p>\n\n\n\n<p><strong>Programma<\/strong><\/p>\n\n\n\n<p>10:00 uur: inloop met koffie en thee<\/p>\n\n\n\n<p>10:30 uur: welkomstwoord en introductie taNDem<\/p>\n\n\n\n<p>11:00 uur: korte voorstelronde<\/p>\n\n\n\n<p>11:15 uur: 1e sessieronde, keuze uit 4 verschillende ruimtes met elk een eigen focus<\/p>\n\n\n\n<p>12:15 uur: lunchpauze<\/p>\n\n\n\n<p>13:30 uur: gezamenlijke &#8220;energy boost&#8221;<\/p>\n\n\n\n<p>13:45 uur: 2e sessieronde, keuze uit 5 verschillende ruimtes met elk een eigen focus<\/p>\n\n\n\n<p>14:30 uur: einde met koffie en thee*<\/p>\n\n\n\n<p>* Het offici\u00eble einde van het taNDemcamp is om 15:00 uur. Dit betekent\nechter niet dat iedereen weg moet. Het Kulturhus in Borne is een openbaar\ngebouw, dus blijf gerust wat langer als je wat meer tijd wilt voor verdieping.<\/p>\n\n\n\n<p><strong>Route informatie<\/strong><\/p>\n\n\n\n<p>Het Kulturhus Borne is makkelijk te bereiken met zowel het openbaar vervoer als met de auto. Er kan gratis geparkeerd worden in de parkeergarage &#8220;De Bijenkorf&#8221;. Adres voor navigatie: <strong>Bekenhorst 8, Borne<\/strong><\/p>\n\n\n\n<p>Achter de naam taNDem staat het INTERREG V A-project \u201cKunstverbinding \u2013\nKunstverbindung\u201d. Binnen dit project werken de EUREGIO, Cultuurmij Oost,\nM\u00fcnsterland e.V., Emsl\u00e4ndische Landschaft e.V., de Stadt Osnabr\u00fcck, de\nLandkreis Osnabr\u00fcck en de Provincies Gelderland en Overijssel samen aan het\nversterken van de kunst-, cultuur- en erfgoedsector in het grensgebied.<\/p>\n\n\n\n<p>Het project \u201cKunstverbinding &#8211; Kunstverbindung\u201d wordt in\nhet kader van het INTERREG V A programma Deutschland-Nederland medegefinancierd\ndoor het Europese Fonds voor Regionale Ontwikkeling (EFRO), de Provincies\nGelderland en Overijssel, het Nieders\u00e4chsische Ministerium f\u00fcr Bundes- und\nEuropaangelegenheiten en het Wirtschaftsministerium des Landes NRW.<\/p>\n\n\n\n<p><a href=\"https:\/\/www.tandemkunst.eu\/barcamp-2019\/\" target=\"_blank\" rel=\"noreferrer noopener\" aria-label=\"Hier aanmelden (\u00f6ffnet in neuem Tab)\">Hier aanmelden<\/a><\/p>\n","protected":false},"excerpt":{"rendered":"<p>Het is tijd voor de tweede ronde van het Duits-Nederlandse taNDem-project, deze keer met het jaarthema \u201cenergie\u201d. taNDem is een grensoverschrijdend project dat zich richt op Duitse en Nederlandse kunstenaars en cultuurmakers uit de EUREGIO. In gezamenlijke tandems voeren zij kunst- en cultuurprojecten uit met betrekking tot het jaarthema. Hiervoor kunnen ze maximaal \u20ac15.000 subsidie <a href=\"https:\/\/interregv.deutschland-nederland.eu\/nl\/kick-off-bijeenkomst-tandem\/\" class=\"more-link\">&#8230;<\/a><\/p>\n","protected":false},"author":2,"featured_media":16820,"comment_status":"closed","ping_status":"closed","sticky":false,"template":"","format":"standard","meta":[],"categories":[8],"tags":[],"acf":[],"yoast_head":"<!-- This site is optimized with the Yoast SEO plugin v20.10 - https:\/\/yoast.com\/wordpress\/plugins\/seo\/ -->\n<title>Kick-off bijeenkomst taNDem - INTERREG<\/title>\n<meta name=\"robots\" content=\"index, follow, max-snippet:-1, max-image-preview:large, max-video-preview:-1\" \/>\n<link rel=\"canonical\" href=\"https:\/\/interregv.deutschland-nederland.eu\/nl\/kick-off-bijeenkomst-tandem\/\" \/>\n<meta property=\"og:locale\" content=\"nl_NL\" \/>\n<meta property=\"og:type\" content=\"article\" \/>\n<meta property=\"og:title\" content=\"Kick-off bijeenkomst taNDem - INTERREG\" \/>\n<meta property=\"og:description\" content=\"Het is tijd voor de tweede ronde van het Duits-Nederlandse taNDem-project, deze keer met het jaarthema \u201cenergie\u201d. taNDem is een grensoverschrijdend project dat zich richt op Duitse en Nederlandse kunstenaars en cultuurmakers uit de EUREGIO. In gezamenlijke tandems voeren zij kunst- en cultuurprojecten uit met betrekking tot het jaarthema. Hiervoor kunnen ze maximaal \u20ac15.000 subsidie ...\" \/>\n<meta property=\"og:url\" content=\"https:\/\/interregv.deutschland-nederland.eu\/nl\/kick-off-bijeenkomst-tandem\/\" \/>\n<meta property=\"og:site_name\" content=\"INTERREG\" \/>\n<meta property=\"article:published_time\" content=\"2019-01-16T13:08:10+00:00\" \/>\n<meta property=\"article:modified_time\" content=\"2023-04-18T13:42:42+00:00\" \/>\n<meta name=\"author\" content=\"interreg\" \/>\n<meta name=\"twitter:card\" content=\"summary_large_image\" \/>\n<meta name=\"twitter:label1\" content=\"Geschreven door\" \/>\n\t<meta name=\"twitter:data1\" content=\"interreg\" \/>\n\t<meta name=\"twitter:label2\" content=\"Geschatte leestijd\" \/>\n\t<meta name=\"twitter:data2\" content=\"2 minuten\" \/>\n<script type=\"application\/ld+json\" class=\"yoast-schema-graph\">{\"@context\":\"https:\/\/schema.org\",\"@graph\":[{\"@type\":\"WebPage\",\"@id\":\"https:\/\/interregv.deutschland-nederland.eu\/nl\/kick-off-bijeenkomst-tandem\/\",\"url\":\"https:\/\/interregv.deutschland-nederland.eu\/nl\/kick-off-bijeenkomst-tandem\/\",\"name\":\"Kick-off bijeenkomst taNDem - INTERREG\",\"isPartOf\":{\"@id\":\"https:\/\/interregv.deutschland-nederland.eu\/nl\/#website\"},\"datePublished\":\"2019-01-16T13:08:10+00:00\",\"dateModified\":\"2023-04-18T13:42:42+00:00\",\"author\":{\"@id\":\"https:\/\/interregv.deutschland-nederland.eu\/nl\/#\/schema\/person\/4ddecac20d338f3ecc22c688b7a80498\"},\"breadcrumb\":{\"@id\":\"https:\/\/interregv.deutschland-nederland.eu\/nl\/kick-off-bijeenkomst-tandem\/#breadcrumb\"},\"inLanguage\":\"nl-NL\",\"potentialAction\":[{\"@type\":\"ReadAction\",\"target\":[\"https:\/\/interregv.deutschland-nederland.eu\/nl\/kick-off-bijeenkomst-tandem\/\"]}]},{\"@type\":\"BreadcrumbList\",\"@id\":\"https:\/\/interregv.deutschland-nederland.eu\/nl\/kick-off-bijeenkomst-tandem\/#breadcrumb\",\"itemListElement\":[{\"@type\":\"ListItem\",\"position\":1,\"name\":\"Home\",\"item\":\"https:\/\/interregv.deutschland-nederland.eu\/nl\/\"},{\"@type\":\"ListItem\",\"position\":2,\"name\":\"Kick-off bijeenkomst taNDem\"}]},{\"@type\":\"WebSite\",\"@id\":\"https:\/\/interregv.deutschland-nederland.eu\/nl\/#website\",\"url\":\"https:\/\/interregv.deutschland-nederland.eu\/nl\/\",\"name\":\"INTERREG\",\"description\":\"Deutschland-Nederland\",\"potentialAction\":[{\"@type\":\"SearchAction\",\"target\":{\"@type\":\"EntryPoint\",\"urlTemplate\":\"https:\/\/interregv.deutschland-nederland.eu\/nl\/?s={search_term_string}\"},\"query-input\":\"required name=search_term_string\"}],\"inLanguage\":\"nl-NL\"},{\"@type\":\"Person\",\"@id\":\"https:\/\/interregv.deutschland-nederland.eu\/nl\/#\/schema\/person\/4ddecac20d338f3ecc22c688b7a80498\",\"name\":\"interreg\",\"image\":{\"@type\":\"ImageObject\",\"inLanguage\":\"nl-NL\",\"@id\":\"https:\/\/interregv.deutschland-nederland.eu\/nl\/#\/schema\/person\/image\/\",\"url\":\"https:\/\/secure.gravatar.com\/avatar\/4c0aa29da85718a330f84e10d55edc18?s=96&d=mm&r=g\",\"contentUrl\":\"https:\/\/secure.gravatar.com\/avatar\/4c0aa29da85718a330f84e10d55edc18?s=96&d=mm&r=g\",\"caption\":\"interreg\"},\"url\":\"https:\/\/interregv.deutschland-nederland.eu\/nl\/author\/interreg\/\"}]}<\/script>\n<!-- \/ Yoast SEO plugin. -->","yoast_head_json":{"title":"Kick-off bijeenkomst taNDem - INTERREG","robots":{"index":"index","follow":"follow","max-snippet":"max-snippet:-1","max-image-preview":"max-image-preview:large","max-video-preview":"max-video-preview:-1"},"canonical":"https:\/\/interregv.deutschland-nederland.eu\/nl\/kick-off-bijeenkomst-tandem\/","og_locale":"nl_NL","og_type":"article","og_title":"Kick-off bijeenkomst taNDem - INTERREG","og_description":"Het is tijd voor de tweede ronde van het Duits-Nederlandse taNDem-project, deze keer met het jaarthema \u201cenergie\u201d. taNDem is een grensoverschrijdend project dat zich richt op Duitse en Nederlandse kunstenaars en cultuurmakers uit de EUREGIO. In gezamenlijke tandems voeren zij kunst- en cultuurprojecten uit met betrekking tot het jaarthema. Hiervoor kunnen ze maximaal \u20ac15.000 subsidie ...","og_url":"https:\/\/interregv.deutschland-nederland.eu\/nl\/kick-off-bijeenkomst-tandem\/","og_site_name":"INTERREG","article_published_time":"2019-01-16T13:08:10+00:00","article_modified_time":"2023-04-18T13:42:42+00:00","author":"interreg","twitter_card":"summary_large_image","twitter_misc":{"Geschreven door":"interreg","Geschatte leestijd":"2 minuten"},"schema":{"@context":"https:\/\/schema.org","@graph":[{"@type":"WebPage","@id":"https:\/\/interregv.deutschland-nederland.eu\/nl\/kick-off-bijeenkomst-tandem\/","url":"https:\/\/interregv.deutschland-nederland.eu\/nl\/kick-off-bijeenkomst-tandem\/","name":"Kick-off bijeenkomst taNDem - INTERREG","isPartOf":{"@id":"https:\/\/interregv.deutschland-nederland.eu\/nl\/#website"},"datePublished":"2019-01-16T13:08:10+00:00","dateModified":"2023-04-18T13:42:42+00:00","author":{"@id":"https:\/\/interregv.deutschland-nederland.eu\/nl\/#\/schema\/person\/4ddecac20d338f3ecc22c688b7a80498"},"breadcrumb":{"@id":"https:\/\/interregv.deutschland-nederland.eu\/nl\/kick-off-bijeenkomst-tandem\/#breadcrumb"},"inLanguage":"nl-NL","potentialAction":[{"@type":"ReadAction","target":["https:\/\/interregv.deutschland-nederland.eu\/nl\/kick-off-bijeenkomst-tandem\/"]}]},{"@type":"BreadcrumbList","@id":"https:\/\/interregv.deutschland-nederland.eu\/nl\/kick-off-bijeenkomst-tandem\/#breadcrumb","itemListElement":[{"@type":"ListItem","position":1,"name":"Home","item":"https:\/\/interregv.deutschland-nederland.eu\/nl\/"},{"@type":"ListItem","position":2,"name":"Kick-off bijeenkomst taNDem"}]},{"@type":"WebSite","@id":"https:\/\/interregv.deutschland-nederland.eu\/nl\/#website","url":"https:\/\/interregv.deutschland-nederland.eu\/nl\/","name":"INTERREG","description":"Deutschland-Nederland","potentialAction":[{"@type":"SearchAction","target":{"@type":"EntryPoint","urlTemplate":"https:\/\/interregv.deutschland-nederland.eu\/nl\/?s={search_term_string}"},"query-input":"required name=search_term_string"}],"inLanguage":"nl-NL"},{"@type":"Person","@id":"https:\/\/interregv.deutschland-nederland.eu\/nl\/#\/schema\/person\/4ddecac20d338f3ecc22c688b7a80498","name":"interreg","image":{"@type":"ImageObject","inLanguage":"nl-NL","@id":"https:\/\/interregv.deutschland-nederland.eu\/nl\/#\/schema\/person\/image\/","url":"https:\/\/secure.gravatar.com\/avatar\/4c0aa29da85718a330f84e10d55edc18?s=96&d=mm&r=g","contentUrl":"https:\/\/secure.gravatar.com\/avatar\/4c0aa29da85718a330f84e10d55edc18?s=96&d=mm&r=g","caption":"interreg"},"url":"https:\/\/interregv.deutschland-nederland.eu\/nl\/author\/interreg\/"}]}},"_links":{"self":[{"href":"https:\/\/interregv.deutschland-nederland.eu\/nl\/wp-json\/wp\/v2\/posts\/16825"}],"collection":[{"href":"https:\/\/interregv.deutschland-nederland.eu\/nl\/wp-json\/wp\/v2\/posts"}],"about":[{"href":"https:\/\/interregv.deutschland-nederland.eu\/nl\/wp-json\/wp\/v2\/types\/post"}],"author":[{"embeddable":true,"href":"https:\/\/interregv.deutschland-nederland.eu\/nl\/wp-json\/wp\/v2\/users\/2"}],"replies":[{"embeddable":true,"href":"https:\/\/interregv.deutschland-nederland.eu\/nl\/wp-json\/wp\/v2\/comments?post=16825"}],"version-history":[{"count":1,"href":"https:\/\/interregv.deutschland-nederland.eu\/nl\/wp-json\/wp\/v2\/posts\/16825\/revisions"}],"predecessor-version":[{"id":20844,"href":"https:\/\/interregv.deutschland-nederland.eu\/nl\/wp-json\/wp\/v2\/posts\/16825\/revisions\/20844"}],"wp:featuredmedia":[{"embeddable":true,"href":"https:\/\/interregv.deutschland-nederland.eu\/nl\/wp-json\/"}],"wp:attachment":[{"href":"https:\/\/interregv.deutschland-nederland.eu\/nl\/wp-json\/wp\/v2\/media?parent=16825"}],"wp:term":[{"taxonomy":"category","embeddable":true,"href":"https:\/\/interregv.deutschland-nederland.eu\/nl\/wp-json\/wp\/v2\/categories?post=16825"},{"taxonomy":"post_tag","embeddable":true,"href":"https:\/\/interregv.deutschland-nederland.eu\/nl\/wp-json\/wp\/v2\/tags?post=16825"}],"curies":[{"name":"wp","href":"https:\/\/api.w.org\/{rel}","templated":true}]}}