{"id":17912,"date":"2019-01-29T17:37:34","date_gmt":"2019-01-29T16:37:34","guid":{"rendered":"https:\/\/www.deutschland-nederland.eu\/?p=17912"},"modified":"2023-04-18T15:42:39","modified_gmt":"2023-04-18T13:42:39","slug":"stakeholderconferenties","status":"publish","type":"post","link":"https:\/\/interregv.deutschland-nederland.eu\/nl\/stakeholderconferenties\/","title":{"rendered":"Stakeholderconferenties"},"content":{"rendered":"\n<p class=\"has-text-align-center\">De stakeholderconferenties vinden plaats op:<br><br><strong>27 maart 2019 in Wildlands Adventure Zoo, Emmen<br>10.15 &#8211; 17.00 uur<br><br>3 april 2019 in Wunderland, Kalkar<br>10.15 &#8211; 17.00 uur<\/strong><br><br><em>Voor deelname is aanmelding vereist<\/em><\/p>\n\n\n\n<p><strong>De conferenties zitten vol, u kunt zich nog opgeven voor de wachtlijst!<\/strong><br>Vanwege de grote interesse in de conferenties, is het helaas niet meer mogelijk om u via deze pagina aan te melden. U kunt zich echter nog aanmelden voor de wachtlijst. Indien wij een afmelding ontvangen, zullen wij in volgorde van aanmelding voor de wachtlijst uw deelname bevestigen voor de gewenste conferentie.<br><br>Indien u zich voor de wachtlijst wilt aanmelden, kunt u een e-mail sturen aan info@deutschland-nederland.eu met vermelding van de volgende informatie:<br>Voor- en achternaam, titel, organisatie en keuze van de gewenste workshop.<br><br>Indien u zich heeft aangemeld maar verhinderd bent, verzoeken wij u vriendelijk dit door te geven door contact op te nemen met ons via info@deutschland-nederland.eu of via +49 (0) 2821 793037. Ook indien u uw inschrijving wilt wijzigen of andere vragen hebt.<\/p>\n\n\n\n<p>&#8212;&#8212;&#8212;&#8212;&#8212;&#8212;&#8212;&#8212;&#8212;&#8212;&#8212;&#8212;-<\/p>\n\n\n\n<p>Het huidige INTERREG V-programma loopt succesvol en bevindt zich in de tweede helft van de uitvoering. Inmiddels zijn ook de voorbereidingen voor het nieuwe INTERREG VI-programma (voor de periode 2021 \u2013 2027) begonnen.  <\/p>\n\n\n\n<p>Het INTERREG-programma organiseert in dit kader twee identieke stakeholderconferenties waarbij u ge\u00efnformeerd wordt over de resultaten tot nu toe uit het lopende INTERREG-programma en waarbij INTERREG-partners en belanghebbenden in gesprek gaan over idee\u00ebn en mogelijkheden voor het nieuwe programma. <\/p>\n\n\n<p><span lang=\"NL\" style=\"mso-ansi-language: NL;\">Tijdens de conferenties krijgen deelnemers in workshops de gelegenheid om mee te denken over de thematische richting van het nieuwe programma en over concrete doelen, maatregelen en project-idee\u00ebn. U wordt gevraagd om bij aanmelding \u00e9\u00e9n van de volgende workshops te selecteren:<\/span><\/p>\n<p><!-- \/wp:paragraph --> <!-- wp:paragraph --><\/p>\n<p><span lang=\"NL\" style=\"mso-ansi-language: NL;\">1. Een INTERREG voor een slimmer Europa<\/span><\/p>\n<p><!-- \/wp:paragraph --> <!-- wp:paragraph --><\/p>\n<p><span lang=\"NL\" style=\"mso-ansi-language: NL;\">2. Een INTERREG voor een socialer Europa dat dichterbij de burger staat<\/span><!--EndFragment--><\/p>\n<p><!-- wp:paragraph --><\/p>\n<p>Inhoudelijke informatie over de conferenties en het programma kunt u onderaan deze pagina vinden.<\/p>\n<p><!-- \/wp:paragraph --><\/p>\n<p><!-- wp:paragraph --><\/p>\n<p>Doelgroep: Nationale, regionale en lokale publieke, private en maatschappelijk organisaties en andere (potenti\u00eble) belanghebbenden bij het programma.<\/p>\n<p><!-- \/wp:paragraph --><\/p>\n<p><!-- wp:paragraph --><\/p>\n<p><!-- \/wp:paragraph --><\/p>\n<p><!-- wp:paragraph --><\/p>\n<p><!-- \/wp:paragraph --><\/p>\n<p><!-- wp:paragraph --><\/p>\n<p><em>Kunt u niet deelnemen aan de (beide) conferenties?<\/em><\/p>\n<p><!-- \/wp:paragraph --><\/p>\n<p><!-- wp:paragraph --><\/p>\n<p>Indien u op beide data van de stakeholderconferenties niet beschikbaar bent en toch graag uw inbreng levert op basis van onderstaand achtergrondpapier, heeft u de mogelijkheid om een schriftelijke stellingname te sturen naar info@deutschland-nederland.eu.<\/p>\n<p><!-- \/wp:paragraph --><\/p>\n<p><!-- wp:paragraph --><\/p>\n<p>Wij verzoeken u vriendelijk om in uw stellingname concrete idee\u00ebn en suggesties op te nemen binnen de voorgestelde thema\u2019s die u in de bovengenoemde inhoudelijke informatie over de conferenties kunt lezen.<\/p>\n<p><!-- \/wp:paragraph --><\/p>\n<p><!-- wp:paragraph --><\/p>\n<p><a href=\"https:\/\/interregv.deutschland-nederland.eu\/wp-content\/uploads\/2019\/02\/190207-Eckpunkte_INTERREG-VI_NL_neu-1.pdf\" class=\"mtli_attachment mtli_pdf\">Inhoudelijke informatie over de stakeholderconferenties<\/a><\/p>\n<p><!-- \/wp:paragraph --><\/p>\n<p><!-- wp:paragraph --><\/p>\n<p><a href=\"https:\/\/interregv.deutschland-nederland.eu\/wp-content\/uploads\/2019\/03\/190320-Programm-Anfahrt_DE_NL_Emmen.pdf\" class=\"mtli_attachment mtli_pdf\" target=\"_blank\" rel=\"noopener noreferrer\">Programma Emmen 27-03-2019 (stand: 20-03-2019)<\/a><\/p>\n<p><a href=\"https:\/\/interregv.deutschland-nederland.eu\/wp-content\/uploads\/2019\/03\/190320-Programm-Anfahrt_DE_NL_Kalkar.pdf\" class=\"mtli_attachment mtli_pdf\" target=\"_blank\" rel=\"noopener noreferrer\">Programma Kalkar 03-04-2019 (stand: 20-03-2019)<\/a><\/p>\n<p><!-- \/wp:paragraph --><\/p>\n<p><!-- wp:paragraph --><\/p>\n<p><!-- \/wp:paragraph --><\/p>","protected":false},"excerpt":{"rendered":"<p>De stakeholderconferenties vinden plaats op:27 maart 2019 in Wildlands Adventure Zoo, Emmen10.15 &#8211; 17.00 uur3 april 2019 in Wunderland, Kalkar10.15 &#8211; 17.00 uurVoor deelname is aanmelding vereist De conferenties zitten vol, u kunt zich nog opgeven voor de wachtlijst!Vanwege de grote interesse in de conferenties, is het helaas niet meer mogelijk om u via deze <a href=\"https:\/\/interregv.deutschland-nederland.eu\/nl\/stakeholderconferenties\/\" class=\"more-link\">&#8230;<\/a><\/p>\n","protected":false},"author":3,"featured_media":17909,"comment_status":"closed","ping_status":"closed","sticky":false,"template":"","format":"standard","meta":[],"categories":[8],"tags":[],"acf":[],"yoast_head":"<!-- This site is optimized with the Yoast SEO plugin v20.10 - https:\/\/yoast.com\/wordpress\/plugins\/seo\/ -->\n<title>Stakeholderconferenties - INTERREG<\/title>\n<meta name=\"robots\" content=\"index, follow, max-snippet:-1, max-image-preview:large, max-video-preview:-1\" \/>\n<link rel=\"canonical\" href=\"https:\/\/interregv.deutschland-nederland.eu\/nl\/stakeholderconferenties\/\" \/>\n<meta property=\"og:locale\" content=\"nl_NL\" \/>\n<meta property=\"og:type\" content=\"article\" \/>\n<meta property=\"og:title\" content=\"Stakeholderconferenties - INTERREG\" \/>\n<meta property=\"og:description\" content=\"De stakeholderconferenties vinden plaats op:27 maart 2019 in Wildlands Adventure Zoo, Emmen10.15 &#8211; 17.00 uur3 april 2019 in Wunderland, Kalkar10.15 &#8211; 17.00 uurVoor deelname is aanmelding vereist De conferenties zitten vol, u kunt zich nog opgeven voor de wachtlijst!Vanwege de grote interesse in de conferenties, is het helaas niet meer mogelijk om u via deze ...\" \/>\n<meta property=\"og:url\" content=\"https:\/\/interregv.deutschland-nederland.eu\/nl\/stakeholderconferenties\/\" \/>\n<meta property=\"og:site_name\" content=\"INTERREG\" \/>\n<meta property=\"article:published_time\" content=\"2019-01-29T16:37:34+00:00\" \/>\n<meta property=\"article:modified_time\" content=\"2023-04-18T13:42:39+00:00\" \/>\n<meta name=\"author\" content=\"acrontum\" \/>\n<meta name=\"twitter:card\" content=\"summary_large_image\" \/>\n<meta name=\"twitter:label1\" content=\"Geschreven door\" \/>\n\t<meta name=\"twitter:data1\" content=\"acrontum\" \/>\n\t<meta name=\"twitter:label2\" content=\"Geschatte leestijd\" \/>\n\t<meta name=\"twitter:data2\" content=\"2 minuten\" \/>\n<script type=\"application\/ld+json\" class=\"yoast-schema-graph\">{\"@context\":\"https:\/\/schema.org\",\"@graph\":[{\"@type\":\"WebPage\",\"@id\":\"https:\/\/interregv.deutschland-nederland.eu\/nl\/stakeholderconferenties\/\",\"url\":\"https:\/\/interregv.deutschland-nederland.eu\/nl\/stakeholderconferenties\/\",\"name\":\"Stakeholderconferenties - INTERREG\",\"isPartOf\":{\"@id\":\"https:\/\/interregv.deutschland-nederland.eu\/nl\/#website\"},\"datePublished\":\"2019-01-29T16:37:34+00:00\",\"dateModified\":\"2023-04-18T13:42:39+00:00\",\"author\":{\"@id\":\"https:\/\/interregv.deutschland-nederland.eu\/nl\/#\/schema\/person\/e1088302702374991554cfd2e0829c2f\"},\"breadcrumb\":{\"@id\":\"https:\/\/interregv.deutschland-nederland.eu\/nl\/stakeholderconferenties\/#breadcrumb\"},\"inLanguage\":\"nl-NL\",\"potentialAction\":[{\"@type\":\"ReadAction\",\"target\":[\"https:\/\/interregv.deutschland-nederland.eu\/nl\/stakeholderconferenties\/\"]}]},{\"@type\":\"BreadcrumbList\",\"@id\":\"https:\/\/interregv.deutschland-nederland.eu\/nl\/stakeholderconferenties\/#breadcrumb\",\"itemListElement\":[{\"@type\":\"ListItem\",\"position\":1,\"name\":\"Home\",\"item\":\"https:\/\/interregv.deutschland-nederland.eu\/nl\/\"},{\"@type\":\"ListItem\",\"position\":2,\"name\":\"Stakeholderconferenties\"}]},{\"@type\":\"WebSite\",\"@id\":\"https:\/\/interregv.deutschland-nederland.eu\/nl\/#website\",\"url\":\"https:\/\/interregv.deutschland-nederland.eu\/nl\/\",\"name\":\"INTERREG\",\"description\":\"Deutschland-Nederland\",\"potentialAction\":[{\"@type\":\"SearchAction\",\"target\":{\"@type\":\"EntryPoint\",\"urlTemplate\":\"https:\/\/interregv.deutschland-nederland.eu\/nl\/?s={search_term_string}\"},\"query-input\":\"required name=search_term_string\"}],\"inLanguage\":\"nl-NL\"},{\"@type\":\"Person\",\"@id\":\"https:\/\/interregv.deutschland-nederland.eu\/nl\/#\/schema\/person\/e1088302702374991554cfd2e0829c2f\",\"name\":\"acrontum\",\"image\":{\"@type\":\"ImageObject\",\"inLanguage\":\"nl-NL\",\"@id\":\"https:\/\/interregv.deutschland-nederland.eu\/nl\/#\/schema\/person\/image\/\",\"url\":\"https:\/\/secure.gravatar.com\/avatar\/bae4147b1e36f337d1b25ecfd7eb3722?s=96&d=mm&r=g\",\"contentUrl\":\"https:\/\/secure.gravatar.com\/avatar\/bae4147b1e36f337d1b25ecfd7eb3722?s=96&d=mm&r=g\",\"caption\":\"acrontum\"},\"url\":\"https:\/\/interregv.deutschland-nederland.eu\/nl\/author\/acrontum\/\"}]}<\/script>\n<!-- \/ Yoast SEO plugin. -->","yoast_head_json":{"title":"Stakeholderconferenties - INTERREG","robots":{"index":"index","follow":"follow","max-snippet":"max-snippet:-1","max-image-preview":"max-image-preview:large","max-video-preview":"max-video-preview:-1"},"canonical":"https:\/\/interregv.deutschland-nederland.eu\/nl\/stakeholderconferenties\/","og_locale":"nl_NL","og_type":"article","og_title":"Stakeholderconferenties - INTERREG","og_description":"De stakeholderconferenties vinden plaats op:27 maart 2019 in Wildlands Adventure Zoo, Emmen10.15 &#8211; 17.00 uur3 april 2019 in Wunderland, Kalkar10.15 &#8211; 17.00 uurVoor deelname is aanmelding vereist De conferenties zitten vol, u kunt zich nog opgeven voor de wachtlijst!Vanwege de grote interesse in de conferenties, is het helaas niet meer mogelijk om u via deze ...","og_url":"https:\/\/interregv.deutschland-nederland.eu\/nl\/stakeholderconferenties\/","og_site_name":"INTERREG","article_published_time":"2019-01-29T16:37:34+00:00","article_modified_time":"2023-04-18T13:42:39+00:00","author":"acrontum","twitter_card":"summary_large_image","twitter_misc":{"Geschreven door":"acrontum","Geschatte leestijd":"2 minuten"},"schema":{"@context":"https:\/\/schema.org","@graph":[{"@type":"WebPage","@id":"https:\/\/interregv.deutschland-nederland.eu\/nl\/stakeholderconferenties\/","url":"https:\/\/interregv.deutschland-nederland.eu\/nl\/stakeholderconferenties\/","name":"Stakeholderconferenties - INTERREG","isPartOf":{"@id":"https:\/\/interregv.deutschland-nederland.eu\/nl\/#website"},"datePublished":"2019-01-29T16:37:34+00:00","dateModified":"2023-04-18T13:42:39+00:00","author":{"@id":"https:\/\/interregv.deutschland-nederland.eu\/nl\/#\/schema\/person\/e1088302702374991554cfd2e0829c2f"},"breadcrumb":{"@id":"https:\/\/interregv.deutschland-nederland.eu\/nl\/stakeholderconferenties\/#breadcrumb"},"inLanguage":"nl-NL","potentialAction":[{"@type":"ReadAction","target":["https:\/\/interregv.deutschland-nederland.eu\/nl\/stakeholderconferenties\/"]}]},{"@type":"BreadcrumbList","@id":"https:\/\/interregv.deutschland-nederland.eu\/nl\/stakeholderconferenties\/#breadcrumb","itemListElement":[{"@type":"ListItem","position":1,"name":"Home","item":"https:\/\/interregv.deutschland-nederland.eu\/nl\/"},{"@type":"ListItem","position":2,"name":"Stakeholderconferenties"}]},{"@type":"WebSite","@id":"https:\/\/interregv.deutschland-nederland.eu\/nl\/#website","url":"https:\/\/interregv.deutschland-nederland.eu\/nl\/","name":"INTERREG","description":"Deutschland-Nederland","potentialAction":[{"@type":"SearchAction","target":{"@type":"EntryPoint","urlTemplate":"https:\/\/interregv.deutschland-nederland.eu\/nl\/?s={search_term_string}"},"query-input":"required name=search_term_string"}],"inLanguage":"nl-NL"},{"@type":"Person","@id":"https:\/\/interregv.deutschland-nederland.eu\/nl\/#\/schema\/person\/e1088302702374991554cfd2e0829c2f","name":"acrontum","image":{"@type":"ImageObject","inLanguage":"nl-NL","@id":"https:\/\/interregv.deutschland-nederland.eu\/nl\/#\/schema\/person\/image\/","url":"https:\/\/secure.gravatar.com\/avatar\/bae4147b1e36f337d1b25ecfd7eb3722?s=96&d=mm&r=g","contentUrl":"https:\/\/secure.gravatar.com\/avatar\/bae4147b1e36f337d1b25ecfd7eb3722?s=96&d=mm&r=g","caption":"acrontum"},"url":"https:\/\/interregv.deutschland-nederland.eu\/nl\/author\/acrontum\/"}]}},"_links":{"self":[{"href":"https:\/\/interregv.deutschland-nederland.eu\/nl\/wp-json\/wp\/v2\/posts\/17912"}],"collection":[{"href":"https:\/\/interregv.deutschland-nederland.eu\/nl\/wp-json\/wp\/v2\/posts"}],"about":[{"href":"https:\/\/interregv.deutschland-nederland.eu\/nl\/wp-json\/wp\/v2\/types\/post"}],"author":[{"embeddable":true,"href":"https:\/\/interregv.deutschland-nederland.eu\/nl\/wp-json\/wp\/v2\/users\/3"}],"replies":[{"embeddable":true,"href":"https:\/\/interregv.deutschland-nederland.eu\/nl\/wp-json\/wp\/v2\/comments?post=17912"}],"version-history":[{"count":1,"href":"https:\/\/interregv.deutschland-nederland.eu\/nl\/wp-json\/wp\/v2\/posts\/17912\/revisions"}],"predecessor-version":[{"id":20839,"href":"https:\/\/interregv.deutschland-nederland.eu\/nl\/wp-json\/wp\/v2\/posts\/17912\/revisions\/20839"}],"wp:featuredmedia":[{"embeddable":true,"href":"https:\/\/interregv.deutschland-nederland.eu\/nl\/wp-json\/"}],"wp:attachment":[{"href":"https:\/\/interregv.deutschland-nederland.eu\/nl\/wp-json\/wp\/v2\/media?parent=17912"}],"wp:term":[{"taxonomy":"category","embeddable":true,"href":"https:\/\/interregv.deutschland-nederland.eu\/nl\/wp-json\/wp\/v2\/categories?post=17912"},{"taxonomy":"post_tag","embeddable":true,"href":"https:\/\/interregv.deutschland-nederland.eu\/nl\/wp-json\/wp\/v2\/tags?post=17912"}],"curies":[{"name":"wp","href":"https:\/\/api.w.org\/{rel}","templated":true}]}}