{"id":18118,"date":"2019-04-30T14:26:35","date_gmt":"2019-04-30T12:26:35","guid":{"rendered":"https:\/\/www.deutschland-nederland.eu\/?p=18118"},"modified":"2023-04-18T15:42:16","modified_gmt":"2023-04-18T13:42:16","slug":"europa-dagen","status":"publish","type":"post","link":"https:\/\/interregv.deutschland-nederland.eu\/nl\/europa-dagen\/","title":{"rendered":"Europa-dagen"},"content":{"rendered":"\n<p>In aanloop naar de Europese verkiezingen 2019 worden op verschillende plaatsen evenementen georganiseerd rondom het thema ,,Europa&#8221;.<\/p>\n\n\n\n<p>Enkele van de vele evenementen vindt u hieronder:<br><br><strong>Vrijdag 3 mei 2019 in M\u00fcnster<\/strong><br><br>Op  3 mei staat de B\u00fcrgerhalle van de Bezirksregierung M\u00fcnster volledig in het teken van \u201e#Europa: meer dan je denkt!\u201c. Ge\u00efnteresseerden zijn van harte uitgenodigd om Europa in de regio M\u00fcnsterland en Emscher-Lippe te ontdekken. Hierbij worden projecten uit de wetenschap, veiligheid, klimaat en onderwijs gepresenteerd die laten zien hoe Europa in de regio zichtbaar is.<br><br>Meer informatie vindt u <a href=\"http:\/\/www.bezreg-muenster.de\/de\/im_fokus\/europa\/events\/_europa_event_muenster\/index.html\">hier<\/a>. <\/p>\n\n\n\n<p><br><\/p>\n\n\n\n<p><strong>Zaterdag 4 mei 2019 in D\u00fcsseldorf<\/strong><\/p>\n\n\n\n<p>Op  4 mei kunnen ge\u00efnteresseerden op de Marktplatz voor het Rathaus in  D\u00fcsseldorf talrijke stands en met een omvangrijk programma meer over de  EU en de EU-instanties leren. Europese instituten, verenigingen,  consulaten en partijen vullen dit aanbod aan. <br>Centraal staan vragen  als: Welke betekenis heeft Europa en de EU voor het leven in D\u00fcsseldorf?  Hoe be\u00efnvloeden Europese regelingen en programma\u00b4s ons leven? En hoe  kunnen individuen van de Europese Unie profiteren? <\/p>\n\n\n\n<p>Het INTERREG Deutschland-Nederland-programma is aanwezig met een stand! Onder andere de projecten <a rel=\"noreferrer noopener\" aria-label=\"Food2020 (\u00f6ffnet in neuem Tab)\" href=\"https:\/\/interregv.deutschland-nederland.eu\/nl\/project\/food2020-2\/\" target=\"_blank\">Food2020,<\/a> het <a rel=\"noreferrer noopener\" aria-label=\"GrensInfoPunt (\u00f6ffnet in neuem Tab)\" href=\"https:\/\/interregv.deutschland-nederland.eu\/nl\/project\/gip-erw-2\/\" target=\"_blank\">Grensinfopunt<\/a> en <a rel=\"noreferrer noopener\" aria-label=\"Roze Zaterdag Venlo Krefeld  (\u00f6ffnet in neuem Tab)\" href=\"http:\/\/www.rozezaterdag2019.eu\" target=\"_blank\">Roze Zaterdag Venlo Krefeld <\/a>zich. <\/p>\n\n\n\n<p>Meer informatie vindt u <a href=\"https:\/\/www.duesseldorf-tourismus.de\/top-veranstaltungen\/europatag-2019\/?fbclid=IwAR0E7xBVAiYO1TPbk3Wm88oTYbens4BaA9SdJy-Wm5F_ojTqLfFz5Q-aZSo\">hier<\/a>.<br><br><br><\/p>\n\n\n\n<p><\/p>\n\n\n\n<p><\/p>\n\n\n\n<p><strong>Zaterdag 11 mei 2019 in Hannover<\/strong><br><br>Onder het motto ,,Samen voor Europa&#8221; worden ge\u00efnteresseerden van harte uitgenodigd om in Hannover op de Opernplatz de diversiteit van Europa in de regio Hannover te leren kennen in aanloop naar de Europese verkiezingen. Dit gebeurt met een vol programma voor groot en klein met interviews, acties, muziek en dans en Europese landen. <br><br>Meer informatie vindt u <a href=\"http:\/\/www.eiz-niedersachsen.de\/europafest-gemeinsam-fuer-europa\/\">hier<\/a>.<br><\/p>\n\n\n<p><!--EndFragment--><\/p>\n<p><\/p>","protected":false},"excerpt":{"rendered":"<p>In aanloop naar de Europese verkiezingen 2019 worden op verschillende plaatsen evenementen georganiseerd rondom het thema ,,Europa&#8221;. Enkele van de vele evenementen vindt u hieronder: Vrijdag 3 mei 2019 in M\u00fcnster Op 3 mei staat de B\u00fcrgerhalle van de Bezirksregierung M\u00fcnster volledig in het teken van \u201e#Europa: meer dan je denkt!\u201c. Ge\u00efnteresseerden zijn van harte <a href=\"https:\/\/interregv.deutschland-nederland.eu\/nl\/europa-dagen\/\" class=\"more-link\">&#8230;<\/a><\/p>\n","protected":false},"author":2,"featured_media":15864,"comment_status":"closed","ping_status":"closed","sticky":false,"template":"","format":"standard","meta":[],"categories":[8],"tags":[],"acf":[],"yoast_head":"<!-- This site is optimized with the Yoast SEO plugin v20.10 - https:\/\/yoast.com\/wordpress\/plugins\/seo\/ -->\n<title>Europa-dagen - INTERREG<\/title>\n<meta name=\"robots\" content=\"index, follow, max-snippet:-1, max-image-preview:large, max-video-preview:-1\" \/>\n<link rel=\"canonical\" href=\"https:\/\/interregv.deutschland-nederland.eu\/nl\/europa-dagen\/\" \/>\n<meta property=\"og:locale\" content=\"nl_NL\" \/>\n<meta property=\"og:type\" content=\"article\" \/>\n<meta property=\"og:title\" content=\"Europa-dagen - INTERREG\" \/>\n<meta property=\"og:description\" content=\"In aanloop naar de Europese verkiezingen 2019 worden op verschillende plaatsen evenementen georganiseerd rondom het thema ,,Europa&#8221;. Enkele van de vele evenementen vindt u hieronder: Vrijdag 3 mei 2019 in M\u00fcnster Op 3 mei staat de B\u00fcrgerhalle van de Bezirksregierung M\u00fcnster volledig in het teken van \u201e#Europa: meer dan je denkt!\u201c. Ge\u00efnteresseerden zijn van harte ...\" \/>\n<meta property=\"og:url\" content=\"https:\/\/interregv.deutschland-nederland.eu\/nl\/europa-dagen\/\" \/>\n<meta property=\"og:site_name\" content=\"INTERREG\" \/>\n<meta property=\"article:published_time\" content=\"2019-04-30T12:26:35+00:00\" \/>\n<meta property=\"article:modified_time\" content=\"2023-04-18T13:42:16+00:00\" \/>\n<meta name=\"author\" content=\"interreg\" \/>\n<meta name=\"twitter:card\" content=\"summary_large_image\" \/>\n<meta name=\"twitter:label1\" content=\"Geschreven door\" \/>\n\t<meta name=\"twitter:data1\" content=\"interreg\" \/>\n\t<meta name=\"twitter:label2\" content=\"Geschatte leestijd\" \/>\n\t<meta name=\"twitter:data2\" content=\"1 minuut\" \/>\n<script type=\"application\/ld+json\" class=\"yoast-schema-graph\">{\"@context\":\"https:\/\/schema.org\",\"@graph\":[{\"@type\":\"WebPage\",\"@id\":\"https:\/\/interregv.deutschland-nederland.eu\/nl\/europa-dagen\/\",\"url\":\"https:\/\/interregv.deutschland-nederland.eu\/nl\/europa-dagen\/\",\"name\":\"Europa-dagen - INTERREG\",\"isPartOf\":{\"@id\":\"https:\/\/interregv.deutschland-nederland.eu\/nl\/#website\"},\"datePublished\":\"2019-04-30T12:26:35+00:00\",\"dateModified\":\"2023-04-18T13:42:16+00:00\",\"author\":{\"@id\":\"https:\/\/interregv.deutschland-nederland.eu\/nl\/#\/schema\/person\/4ddecac20d338f3ecc22c688b7a80498\"},\"breadcrumb\":{\"@id\":\"https:\/\/interregv.deutschland-nederland.eu\/nl\/europa-dagen\/#breadcrumb\"},\"inLanguage\":\"nl-NL\",\"potentialAction\":[{\"@type\":\"ReadAction\",\"target\":[\"https:\/\/interregv.deutschland-nederland.eu\/nl\/europa-dagen\/\"]}]},{\"@type\":\"BreadcrumbList\",\"@id\":\"https:\/\/interregv.deutschland-nederland.eu\/nl\/europa-dagen\/#breadcrumb\",\"itemListElement\":[{\"@type\":\"ListItem\",\"position\":1,\"name\":\"Home\",\"item\":\"https:\/\/interregv.deutschland-nederland.eu\/nl\/\"},{\"@type\":\"ListItem\",\"position\":2,\"name\":\"Europa-dagen\"}]},{\"@type\":\"WebSite\",\"@id\":\"https:\/\/interregv.deutschland-nederland.eu\/nl\/#website\",\"url\":\"https:\/\/interregv.deutschland-nederland.eu\/nl\/\",\"name\":\"INTERREG\",\"description\":\"Deutschland-Nederland\",\"potentialAction\":[{\"@type\":\"SearchAction\",\"target\":{\"@type\":\"EntryPoint\",\"urlTemplate\":\"https:\/\/interregv.deutschland-nederland.eu\/nl\/?s={search_term_string}\"},\"query-input\":\"required name=search_term_string\"}],\"inLanguage\":\"nl-NL\"},{\"@type\":\"Person\",\"@id\":\"https:\/\/interregv.deutschland-nederland.eu\/nl\/#\/schema\/person\/4ddecac20d338f3ecc22c688b7a80498\",\"name\":\"interreg\",\"image\":{\"@type\":\"ImageObject\",\"inLanguage\":\"nl-NL\",\"@id\":\"https:\/\/interregv.deutschland-nederland.eu\/nl\/#\/schema\/person\/image\/\",\"url\":\"https:\/\/secure.gravatar.com\/avatar\/4c0aa29da85718a330f84e10d55edc18?s=96&d=mm&r=g\",\"contentUrl\":\"https:\/\/secure.gravatar.com\/avatar\/4c0aa29da85718a330f84e10d55edc18?s=96&d=mm&r=g\",\"caption\":\"interreg\"},\"url\":\"https:\/\/interregv.deutschland-nederland.eu\/nl\/author\/interreg\/\"}]}<\/script>\n<!-- \/ Yoast SEO plugin. -->","yoast_head_json":{"title":"Europa-dagen - INTERREG","robots":{"index":"index","follow":"follow","max-snippet":"max-snippet:-1","max-image-preview":"max-image-preview:large","max-video-preview":"max-video-preview:-1"},"canonical":"https:\/\/interregv.deutschland-nederland.eu\/nl\/europa-dagen\/","og_locale":"nl_NL","og_type":"article","og_title":"Europa-dagen - INTERREG","og_description":"In aanloop naar de Europese verkiezingen 2019 worden op verschillende plaatsen evenementen georganiseerd rondom het thema ,,Europa&#8221;. Enkele van de vele evenementen vindt u hieronder: Vrijdag 3 mei 2019 in M\u00fcnster Op 3 mei staat de B\u00fcrgerhalle van de Bezirksregierung M\u00fcnster volledig in het teken van \u201e#Europa: meer dan je denkt!\u201c. Ge\u00efnteresseerden zijn van harte ...","og_url":"https:\/\/interregv.deutschland-nederland.eu\/nl\/europa-dagen\/","og_site_name":"INTERREG","article_published_time":"2019-04-30T12:26:35+00:00","article_modified_time":"2023-04-18T13:42:16+00:00","author":"interreg","twitter_card":"summary_large_image","twitter_misc":{"Geschreven door":"interreg","Geschatte leestijd":"1 minuut"},"schema":{"@context":"https:\/\/schema.org","@graph":[{"@type":"WebPage","@id":"https:\/\/interregv.deutschland-nederland.eu\/nl\/europa-dagen\/","url":"https:\/\/interregv.deutschland-nederland.eu\/nl\/europa-dagen\/","name":"Europa-dagen - INTERREG","isPartOf":{"@id":"https:\/\/interregv.deutschland-nederland.eu\/nl\/#website"},"datePublished":"2019-04-30T12:26:35+00:00","dateModified":"2023-04-18T13:42:16+00:00","author":{"@id":"https:\/\/interregv.deutschland-nederland.eu\/nl\/#\/schema\/person\/4ddecac20d338f3ecc22c688b7a80498"},"breadcrumb":{"@id":"https:\/\/interregv.deutschland-nederland.eu\/nl\/europa-dagen\/#breadcrumb"},"inLanguage":"nl-NL","potentialAction":[{"@type":"ReadAction","target":["https:\/\/interregv.deutschland-nederland.eu\/nl\/europa-dagen\/"]}]},{"@type":"BreadcrumbList","@id":"https:\/\/interregv.deutschland-nederland.eu\/nl\/europa-dagen\/#breadcrumb","itemListElement":[{"@type":"ListItem","position":1,"name":"Home","item":"https:\/\/interregv.deutschland-nederland.eu\/nl\/"},{"@type":"ListItem","position":2,"name":"Europa-dagen"}]},{"@type":"WebSite","@id":"https:\/\/interregv.deutschland-nederland.eu\/nl\/#website","url":"https:\/\/interregv.deutschland-nederland.eu\/nl\/","name":"INTERREG","description":"Deutschland-Nederland","potentialAction":[{"@type":"SearchAction","target":{"@type":"EntryPoint","urlTemplate":"https:\/\/interregv.deutschland-nederland.eu\/nl\/?s={search_term_string}"},"query-input":"required name=search_term_string"}],"inLanguage":"nl-NL"},{"@type":"Person","@id":"https:\/\/interregv.deutschland-nederland.eu\/nl\/#\/schema\/person\/4ddecac20d338f3ecc22c688b7a80498","name":"interreg","image":{"@type":"ImageObject","inLanguage":"nl-NL","@id":"https:\/\/interregv.deutschland-nederland.eu\/nl\/#\/schema\/person\/image\/","url":"https:\/\/secure.gravatar.com\/avatar\/4c0aa29da85718a330f84e10d55edc18?s=96&d=mm&r=g","contentUrl":"https:\/\/secure.gravatar.com\/avatar\/4c0aa29da85718a330f84e10d55edc18?s=96&d=mm&r=g","caption":"interreg"},"url":"https:\/\/interregv.deutschland-nederland.eu\/nl\/author\/interreg\/"}]}},"_links":{"self":[{"href":"https:\/\/interregv.deutschland-nederland.eu\/nl\/wp-json\/wp\/v2\/posts\/18118"}],"collection":[{"href":"https:\/\/interregv.deutschland-nederland.eu\/nl\/wp-json\/wp\/v2\/posts"}],"about":[{"href":"https:\/\/interregv.deutschland-nederland.eu\/nl\/wp-json\/wp\/v2\/types\/post"}],"author":[{"embeddable":true,"href":"https:\/\/interregv.deutschland-nederland.eu\/nl\/wp-json\/wp\/v2\/users\/2"}],"replies":[{"embeddable":true,"href":"https:\/\/interregv.deutschland-nederland.eu\/nl\/wp-json\/wp\/v2\/comments?post=18118"}],"version-history":[{"count":1,"href":"https:\/\/interregv.deutschland-nederland.eu\/nl\/wp-json\/wp\/v2\/posts\/18118\/revisions"}],"predecessor-version":[{"id":20818,"href":"https:\/\/interregv.deutschland-nederland.eu\/nl\/wp-json\/wp\/v2\/posts\/18118\/revisions\/20818"}],"wp:featuredmedia":[{"embeddable":true,"href":"https:\/\/interregv.deutschland-nederland.eu\/nl\/wp-json\/"}],"wp:attachment":[{"href":"https:\/\/interregv.deutschland-nederland.eu\/nl\/wp-json\/wp\/v2\/media?parent=18118"}],"wp:term":[{"taxonomy":"category","embeddable":true,"href":"https:\/\/interregv.deutschland-nederland.eu\/nl\/wp-json\/wp\/v2\/categories?post=18118"},{"taxonomy":"post_tag","embeddable":true,"href":"https:\/\/interregv.deutschland-nederland.eu\/nl\/wp-json\/wp\/v2\/tags?post=18118"}],"curies":[{"name":"wp","href":"https:\/\/api.w.org\/{rel}","templated":true}]}}