{"id":28015,"date":"2021-05-26T12:06:20","date_gmt":"2021-05-26T10:06:20","guid":{"rendered":"https:\/\/www.deutschland-nederland.eu\/?p=28015"},"modified":"2023-04-18T15:36:21","modified_gmt":"2023-04-18T13:36:21","slug":"gebruiker-in-de-spotlight","status":"publish","type":"post","link":"https:\/\/interregv.deutschland-nederland.eu\/nl\/gebruiker-in-de-spotlight\/","title":{"rendered":"Unplug&#038;Go: Gebruiker in de spotlight"},"content":{"rendered":"<p><em>De grens tussen Nederland en Duitsland vervaagt snel. We ontmoeten elkaar steeds vaker op zakelijk gebied, bij het winkelen of op cultureel vlak. Een mooie ontwikkeling, maar op het gebied van duurzaamheid valt er nog het een en ander te verbeteren. Hier bestaan namelijk nog grenzen en barri\u00e8res. Het Interreg-project SHAREuregio heeft het daarom tot zijn missie gemaakt duurzame initiatieven op de markt te brengen die deze barri\u00e8res overwinnen en duurzaamheid zonder grenzen bevorderen. Unplug&amp;Go is \u00e9\u00e9n van deze initiatieven.<\/em><\/p>\n<p>In het verleden zijn reeds verschillende gebruikers ge\u00efnterviewd en naar hun ervaringen gevraagd. Lees het meest recente interview hier.<\/p>\n<p><strong>Gebruiker in de Spotlight: euregio rijn-maas-noord<\/strong><\/p>\n<div id=\"attachment_28007\" style=\"width: 310px\" class=\"wp-caption alignleft\"><img aria-describedby=\"caption-attachment-28007\" decoding=\"async\" loading=\"lazy\" class=\"wp-image-28007 size-medium\" src=\"https:\/\/interregv.deutschland-nederland.eu\/wp-content\/uploads\/2021\/05\/news1-1-300x225.jpg\" alt=\"\" width=\"300\" height=\"225\" srcset=\"https:\/\/interregv.deutschland-nederland.eu\/wp-content\/uploads\/2021\/05\/news1-1-300x225.jpg 300w, https:\/\/interregv.deutschland-nederland.eu\/wp-content\/uploads\/2021\/05\/news1-1-1024x768.jpg 1024w, https:\/\/interregv.deutschland-nederland.eu\/wp-content\/uploads\/2021\/05\/news1-1.jpg 1197w\" sizes=\"(max-width: 300px) 100vw, 300px\" \/><p id=\"caption-attachment-28007\" class=\"wp-caption-text\">Mevr. Hajjoubi en dhr. Scholten (burg. Venlo) bij de opening van een e-laadpaal<\/p><\/div>\n<p><strong>Kunt u zich kort voorstellen?<\/strong><br \/>\nIk ben Maike Hajjoubi, sinds 1 maart 2020 algemeen directeur van euregio rijn-maas-noord in M\u00f6nchengladbach.<\/p>\n<p><strong>Kunt u ons kort iets meer vertellen over uw organisatie?<\/strong><br \/>\nHet doel van de euregio is de grensbarri\u00e8res voor wonen, werken, studeren en ondernemen in de euregio te slechten. De euregio wordt gesteund door haar 31 leden in Nederland en Duitsland en werkt volgens de in 2020 opgestelde \u201ceuregio-Visie 2030. Thuis in Europa\u201d.<\/p>\n<p><strong>Waarom heeft u gekozen voor SHAREuregio Unplug&amp;Go?<\/strong><br \/>\nIn onze euregio-Visie 2030 zijn milieu, klimaat en duurzaamheid centrale thema\u2019s. Elektromobiliteit speelt daarbij een belangrijke rol. Europa wil in 2050 CO2-neutraal en duurzaam zijn. SHAREuregio Unplug&amp;Go biedt de mogelijkheid om dit over de grenzen heen te realiseren. Het project kost 2,8 miljoen euro, waarvan 77% afkomstig is van het Interreg-programma. Het sluit goed aan bij onze toekomstvisie en het nieuwe Interreg VI-programma (2021-2027), waarin groene projecten en circulaire economie centraal staan.<\/p>\n<p><strong>Waarom is een duurzame deelsysteem voor elektrische voertuigen belangrijk in de regio?<\/strong><br \/>\nRuim twee jaar geleden heeft de euregio samen met Venlo, Roermond, de Kreis Viersen en M\u00f6nchengladbach met financi\u00eble Interreg-steun van de EU, de provincie Limburg, Noordrijn-Westfalen en projectpartners een duurzaam en grensoverschrijdend e-car- en e-bike sharing-systeem gerealiseerd. Het is het eerste grensoverschrijdende e-mobiliteitsproject en fungeert als voorbeeldproject in de hele euregio.<\/p>\n<p><strong>Waarom zouden andere ondernemers of particulieren gebruik moeten maken van het grensoverschrijdende systeem?<\/strong><br \/>\nHet project is in de eerste plaats gericht op ondernemers. Zodra zij zich hebben geregistreerd, worden een oplaadpunt en een of meer voertuigen bij hun bedrijf geplaatst. Particulieren kunnen deze voertuigen dan buiten kantooruren en in het weekend gebruiken. In totaal zijn aan beide zijden van de grens 40 elektrische auto\u2019s en 40 elektrische fietsen beschikbaar. De oplaadkaarten en de smartphone-app voor het openen en reserveren van het voertuig kunnen bijvoorbeeld zowel in Nederland als in Duitsland worden gebruikt. De euregio zelf gebruikt ook een SHAREuregio-voertuig voor zakenreizen. Daartoe werd bij het kantoor in M\u00f6nchengladbach een laadpaal ge\u00efnstalleerd.<\/p>\n","protected":false},"excerpt":{"rendered":"<p>De grens tussen Nederland en Duitsland vervaagt snel. We ontmoeten elkaar steeds vaker op zakelijk gebied, bij het winkelen of op cultureel vlak. Een mooie ontwikkeling, maar op het gebied van duurzaamheid valt er nog het een en ander te verbeteren. Hier bestaan namelijk nog grenzen en barri\u00e8res. Het Interreg-project SHAREuregio heeft het daarom tot <a href=\"https:\/\/interregv.deutschland-nederland.eu\/nl\/gebruiker-in-de-spotlight\/\" class=\"more-link\">&#8230;<\/a><\/p>\n","protected":false},"author":30,"featured_media":28007,"comment_status":"closed","ping_status":"closed","sticky":false,"template":"","format":"standard","meta":[],"categories":[2,3],"tags":[],"acf":[],"yoast_head":"<!-- This site is optimized with the Yoast SEO plugin v20.10 - https:\/\/yoast.com\/wordpress\/plugins\/seo\/ -->\n<title>Unplug&amp;Go: Gebruiker in de spotlight - INTERREG<\/title>\n<meta name=\"robots\" content=\"index, follow, max-snippet:-1, max-image-preview:large, max-video-preview:-1\" \/>\n<link rel=\"canonical\" href=\"https:\/\/interregv.deutschland-nederland.eu\/nl\/gebruiker-in-de-spotlight\/\" \/>\n<meta property=\"og:locale\" content=\"nl_NL\" \/>\n<meta property=\"og:type\" content=\"article\" \/>\n<meta property=\"og:title\" content=\"Unplug&amp;Go: Gebruiker in de spotlight - INTERREG\" \/>\n<meta property=\"og:description\" content=\"De grens tussen Nederland en Duitsland vervaagt snel. We ontmoeten elkaar steeds vaker op zakelijk gebied, bij het winkelen of op cultureel vlak. Een mooie ontwikkeling, maar op het gebied van duurzaamheid valt er nog het een en ander te verbeteren. Hier bestaan namelijk nog grenzen en barri\u00e8res. Het Interreg-project SHAREuregio heeft het daarom tot ...\" \/>\n<meta property=\"og:url\" content=\"https:\/\/interregv.deutschland-nederland.eu\/nl\/gebruiker-in-de-spotlight\/\" \/>\n<meta property=\"og:site_name\" content=\"INTERREG\" \/>\n<meta property=\"article:published_time\" content=\"2021-05-26T10:06:20+00:00\" \/>\n<meta property=\"article:modified_time\" content=\"2023-04-18T13:36:21+00:00\" \/>\n<meta property=\"og:image\" content=\"https:\/\/interregv.deutschland-nederland.eu\/wp-content\/uploads\/2021\/05\/news1-1.jpg\" \/>\n\t<meta property=\"og:image:width\" content=\"1197\" \/>\n\t<meta property=\"og:image:height\" content=\"898\" \/>\n\t<meta property=\"og:image:type\" content=\"image\/jpeg\" \/>\n<meta name=\"author\" content=\"Debby Derix\" \/>\n<meta name=\"twitter:card\" content=\"summary_large_image\" \/>\n<meta name=\"twitter:label1\" content=\"Geschreven door\" \/>\n\t<meta name=\"twitter:data1\" content=\"Debby Derix\" \/>\n\t<meta name=\"twitter:label2\" content=\"Geschatte leestijd\" \/>\n\t<meta name=\"twitter:data2\" content=\"3 minuten\" \/>\n<script type=\"application\/ld+json\" class=\"yoast-schema-graph\">{\"@context\":\"https:\/\/schema.org\",\"@graph\":[{\"@type\":\"WebPage\",\"@id\":\"https:\/\/interregv.deutschland-nederland.eu\/nl\/gebruiker-in-de-spotlight\/\",\"url\":\"https:\/\/interregv.deutschland-nederland.eu\/nl\/gebruiker-in-de-spotlight\/\",\"name\":\"Unplug&Go: Gebruiker in de spotlight - INTERREG\",\"isPartOf\":{\"@id\":\"https:\/\/interregv.deutschland-nederland.eu\/nl\/#website\"},\"datePublished\":\"2021-05-26T10:06:20+00:00\",\"dateModified\":\"2023-04-18T13:36:21+00:00\",\"author\":{\"@id\":\"https:\/\/interregv.deutschland-nederland.eu\/nl\/#\/schema\/person\/fa9770789e3aafd2d0ea0d0dc86a806e\"},\"breadcrumb\":{\"@id\":\"https:\/\/interregv.deutschland-nederland.eu\/nl\/gebruiker-in-de-spotlight\/#breadcrumb\"},\"inLanguage\":\"nl-NL\",\"potentialAction\":[{\"@type\":\"ReadAction\",\"target\":[\"https:\/\/interregv.deutschland-nederland.eu\/nl\/gebruiker-in-de-spotlight\/\"]}]},{\"@type\":\"BreadcrumbList\",\"@id\":\"https:\/\/interregv.deutschland-nederland.eu\/nl\/gebruiker-in-de-spotlight\/#breadcrumb\",\"itemListElement\":[{\"@type\":\"ListItem\",\"position\":1,\"name\":\"Home\",\"item\":\"https:\/\/interregv.deutschland-nederland.eu\/nl\/\"},{\"@type\":\"ListItem\",\"position\":2,\"name\":\"Unplug&#038;Go: Gebruiker in de spotlight\"}]},{\"@type\":\"WebSite\",\"@id\":\"https:\/\/interregv.deutschland-nederland.eu\/nl\/#website\",\"url\":\"https:\/\/interregv.deutschland-nederland.eu\/nl\/\",\"name\":\"INTERREG\",\"description\":\"Deutschland-Nederland\",\"potentialAction\":[{\"@type\":\"SearchAction\",\"target\":{\"@type\":\"EntryPoint\",\"urlTemplate\":\"https:\/\/interregv.deutschland-nederland.eu\/nl\/?s={search_term_string}\"},\"query-input\":\"required name=search_term_string\"}],\"inLanguage\":\"nl-NL\"},{\"@type\":\"Person\",\"@id\":\"https:\/\/interregv.deutschland-nederland.eu\/nl\/#\/schema\/person\/fa9770789e3aafd2d0ea0d0dc86a806e\",\"name\":\"Debby Derix\",\"image\":{\"@type\":\"ImageObject\",\"inLanguage\":\"nl-NL\",\"@id\":\"https:\/\/interregv.deutschland-nederland.eu\/nl\/#\/schema\/person\/image\/\",\"url\":\"https:\/\/secure.gravatar.com\/avatar\/a3a644ce7f0da6efe30f53fbf142db8b?s=96&d=mm&r=g\",\"contentUrl\":\"https:\/\/secure.gravatar.com\/avatar\/a3a644ce7f0da6efe30f53fbf142db8b?s=96&d=mm&r=g\",\"caption\":\"Debby Derix\"},\"url\":\"https:\/\/interregv.deutschland-nederland.eu\/nl\/author\/interreg_derix\/\"}]}<\/script>\n<!-- \/ Yoast SEO plugin. -->","yoast_head_json":{"title":"Unplug&Go: Gebruiker in de spotlight - INTERREG","robots":{"index":"index","follow":"follow","max-snippet":"max-snippet:-1","max-image-preview":"max-image-preview:large","max-video-preview":"max-video-preview:-1"},"canonical":"https:\/\/interregv.deutschland-nederland.eu\/nl\/gebruiker-in-de-spotlight\/","og_locale":"nl_NL","og_type":"article","og_title":"Unplug&Go: Gebruiker in de spotlight - INTERREG","og_description":"De grens tussen Nederland en Duitsland vervaagt snel. We ontmoeten elkaar steeds vaker op zakelijk gebied, bij het winkelen of op cultureel vlak. Een mooie ontwikkeling, maar op het gebied van duurzaamheid valt er nog het een en ander te verbeteren. Hier bestaan namelijk nog grenzen en barri\u00e8res. Het Interreg-project SHAREuregio heeft het daarom tot ...","og_url":"https:\/\/interregv.deutschland-nederland.eu\/nl\/gebruiker-in-de-spotlight\/","og_site_name":"INTERREG","article_published_time":"2021-05-26T10:06:20+00:00","article_modified_time":"2023-04-18T13:36:21+00:00","og_image":[{"width":1197,"height":898,"url":"https:\/\/interregv.deutschland-nederland.eu\/wp-content\/uploads\/2021\/05\/news1-1.jpg","type":"image\/jpeg"}],"author":"Debby Derix","twitter_card":"summary_large_image","twitter_misc":{"Geschreven door":"Debby Derix","Geschatte leestijd":"3 minuten"},"schema":{"@context":"https:\/\/schema.org","@graph":[{"@type":"WebPage","@id":"https:\/\/interregv.deutschland-nederland.eu\/nl\/gebruiker-in-de-spotlight\/","url":"https:\/\/interregv.deutschland-nederland.eu\/nl\/gebruiker-in-de-spotlight\/","name":"Unplug&Go: Gebruiker in de spotlight - INTERREG","isPartOf":{"@id":"https:\/\/interregv.deutschland-nederland.eu\/nl\/#website"},"datePublished":"2021-05-26T10:06:20+00:00","dateModified":"2023-04-18T13:36:21+00:00","author":{"@id":"https:\/\/interregv.deutschland-nederland.eu\/nl\/#\/schema\/person\/fa9770789e3aafd2d0ea0d0dc86a806e"},"breadcrumb":{"@id":"https:\/\/interregv.deutschland-nederland.eu\/nl\/gebruiker-in-de-spotlight\/#breadcrumb"},"inLanguage":"nl-NL","potentialAction":[{"@type":"ReadAction","target":["https:\/\/interregv.deutschland-nederland.eu\/nl\/gebruiker-in-de-spotlight\/"]}]},{"@type":"BreadcrumbList","@id":"https:\/\/interregv.deutschland-nederland.eu\/nl\/gebruiker-in-de-spotlight\/#breadcrumb","itemListElement":[{"@type":"ListItem","position":1,"name":"Home","item":"https:\/\/interregv.deutschland-nederland.eu\/nl\/"},{"@type":"ListItem","position":2,"name":"Unplug&#038;Go: Gebruiker in de spotlight"}]},{"@type":"WebSite","@id":"https:\/\/interregv.deutschland-nederland.eu\/nl\/#website","url":"https:\/\/interregv.deutschland-nederland.eu\/nl\/","name":"INTERREG","description":"Deutschland-Nederland","potentialAction":[{"@type":"SearchAction","target":{"@type":"EntryPoint","urlTemplate":"https:\/\/interregv.deutschland-nederland.eu\/nl\/?s={search_term_string}"},"query-input":"required name=search_term_string"}],"inLanguage":"nl-NL"},{"@type":"Person","@id":"https:\/\/interregv.deutschland-nederland.eu\/nl\/#\/schema\/person\/fa9770789e3aafd2d0ea0d0dc86a806e","name":"Debby Derix","image":{"@type":"ImageObject","inLanguage":"nl-NL","@id":"https:\/\/interregv.deutschland-nederland.eu\/nl\/#\/schema\/person\/image\/","url":"https:\/\/secure.gravatar.com\/avatar\/a3a644ce7f0da6efe30f53fbf142db8b?s=96&d=mm&r=g","contentUrl":"https:\/\/secure.gravatar.com\/avatar\/a3a644ce7f0da6efe30f53fbf142db8b?s=96&d=mm&r=g","caption":"Debby Derix"},"url":"https:\/\/interregv.deutschland-nederland.eu\/nl\/author\/interreg_derix\/"}]}},"_links":{"self":[{"href":"https:\/\/interregv.deutschland-nederland.eu\/nl\/wp-json\/wp\/v2\/posts\/28015"}],"collection":[{"href":"https:\/\/interregv.deutschland-nederland.eu\/nl\/wp-json\/wp\/v2\/posts"}],"about":[{"href":"https:\/\/interregv.deutschland-nederland.eu\/nl\/wp-json\/wp\/v2\/types\/post"}],"author":[{"embeddable":true,"href":"https:\/\/interregv.deutschland-nederland.eu\/nl\/wp-json\/wp\/v2\/users\/30"}],"replies":[{"embeddable":true,"href":"https:\/\/interregv.deutschland-nederland.eu\/nl\/wp-json\/wp\/v2\/comments?post=28015"}],"version-history":[{"count":2,"href":"https:\/\/interregv.deutschland-nederland.eu\/nl\/wp-json\/wp\/v2\/posts\/28015\/revisions"}],"predecessor-version":[{"id":28045,"href":"https:\/\/interregv.deutschland-nederland.eu\/nl\/wp-json\/wp\/v2\/posts\/28015\/revisions\/28045"}],"wp:featuredmedia":[{"embeddable":true,"href":"https:\/\/interregv.deutschland-nederland.eu\/nl\/wp-json\/wp\/v2\/media\/28007"}],"wp:attachment":[{"href":"https:\/\/interregv.deutschland-nederland.eu\/nl\/wp-json\/wp\/v2\/media?parent=28015"}],"wp:term":[{"taxonomy":"category","embeddable":true,"href":"https:\/\/interregv.deutschland-nederland.eu\/nl\/wp-json\/wp\/v2\/categories?post=28015"},{"taxonomy":"post_tag","embeddable":true,"href":"https:\/\/interregv.deutschland-nederland.eu\/nl\/wp-json\/wp\/v2\/tags?post=28015"}],"curies":[{"name":"wp","href":"https:\/\/api.w.org\/{rel}","templated":true}]}}